{"id":611546,"date":"2025-12-20T10:52:14","date_gmt":"2025-12-20T10:52:14","guid":{"rendered":"https:\/\/www.europesays.com\/fr\/611546\/"},"modified":"2025-12-20T10:52:14","modified_gmt":"2025-12-20T10:52:14","slug":"tour-des-alpes-maritimes-2026-le-parcours-actualite","status":"publish","type":"post","link":"https:\/\/www.europesays.com\/fr\/611546\/","title":{"rendered":"Tour des Alpes-Maritimes 2026 : Le parcours &#8211; Actualit\u00e9"},"content":{"rendered":"<p style=\"text-align: justify;\"><strong>Changement de formule pour le Tour des Alpes-Maritimes. En 2026, l\u2019\u00e9preuve azur\u00e9enne devient une course d&rsquo;un jour. Pour rappel, l\u2019ancien Tour du Haut-Var, longtemps disput\u00e9 sur deux jours, \u00e9tait devenu le Tour des Alpes-Maritimes et du Var en 2020. Disput\u00e9e sur trois journ\u00e9es de comp\u00e9tition, du vendredi au dimanche, la comp\u00e9tition s\u2019\u00e9tait ensuite scind\u00e9e en deux en 2024 pour donner naissance \u00e0 la Classic Var, le vendredi, avec un Tour des Alpes-Maritimes r\u00e9duit \u00e0 deux journ\u00e9es de course. D\u00e9sormais,\u00a0le week-end sur la C\u00f4te d&rsquo;Azur se r\u00e9sumera donc \u00e0 deux \u00e9preuves 1.1.\u00a0<br \/><\/strong><\/p>\n<p style=\"text-align: justify;\">Les organisateurs de ce Tour des Alpes-Maritimes nouvelle formule ont d\u00e9voil\u00e9 le parcours de cette \u00e9dition 2026 qui aura lieu le 22 f\u00e9vrier.\u00a0L&rsquo;\u00e9preuve se disputera sur 162,2 kilom\u00e8tres, entre Villefranche-sur-Mer et Biot. Trois difficult\u00e9s r\u00e9pertori\u00e9es, toutes dans la premi\u00e8re partie de course, sont au menu, \u00e0 savoir le Col d&rsquo;Eze, le col de Ch\u00e2teauneuf et la c\u00f4te de Carros. L&rsquo;arriv\u00e9e sera jug\u00e9e apr\u00e8s une mont\u00e9e de pr\u00e8s de 1 500 m\u00e8tres, route des Colles, devant le Bioparc de Biot, selon Nice-Matin.\u00a0<strong><\/strong><\/p>\n<p><strong><a href=\"https:\/\/www.directvelo.com\/actualite\/124733\/du-changement-pour-le-tour-des-alpes-maritimes\" target=\"_blank\" rel=\"noopener\">Pour rappel, le parcours de la Classic Var avait lui d&rsquo;ores-et-d\u00e9j\u00e0 \u00e9t\u00e9 d\u00e9voil\u00e9<\/a><\/strong>.\u00a0<br \/>Le laur\u00e9at succ\u00e9dera pour rappel \u00e0 <strong><a href=\"https:\/\/www.directvelo.com\/coureur\/18942\/christian-scaroni\" target=\"_blank\" rel=\"noopener\">Cristian Scaroni<\/a><\/strong>. L\u2019Italien avait r\u00e9alis\u00e9 le doubl\u00e9 l\u2019an pass\u00e9 puisqu\u2019avant de s&rsquo;offrir le Tour des Alpes-Maritimes, le coureur de l\u2019\u00e9quipe XDS Astana avait d\u00e9j\u00e0 remport\u00e9 la Classic Var deux jours plus t\u00f4t.\u00a0 <br \/>Le parcours du Tour des Alpes-Maritimes 2026 : <br \/><img decoding=\"async\" src=\"https:\/\/www.europesays.com\/fr\/wp-content\/uploads\/2025\/12\/582349719_18094561825922065_2374562948335741792_n.jpg\" alt=\"\" width=\"650\"\/><\/p>\n","protected":false},"excerpt":{"rendered":"Changement de formule pour le Tour des Alpes-Maritimes. En 2026, l\u2019\u00e9preuve azur\u00e9enne devient une course d&rsquo;un jour. Pour&hellip;\n","protected":false},"author":2,"featured_media":611547,"comment_status":"","ping_status":"","sticky":false,"template":"","format":"standard","meta":{"footnotes":""},"categories":[1411],"tags":[834,828,836,829,837,827,83,826,824,823,1154,207,814,817,815,816,822,821,832,211,839,1011,27,820,818,819,835,831,830,833,838,60,212,208,825],"class_list":{"0":"post-611546","1":"post","2":"type-post","3":"status-publish","4":"format-standard","5":"has-post-thumbnail","7":"category-cyclisme","8":"tag-attaque","9":"tag-belgique","10":"tag-braquet","11":"tag-bretagne","12":"tag-chute","13":"tag-competition","14":"tag-coupe-de-france","15":"tag-coureur","16":"tag-course-cyclisme","17":"tag-course-cycliste","18":"tag-cycling","19":"tag-cyclisme","20":"tag-direct","21":"tag-direct-velo","22":"tag-directvelo","23":"tag-directvelo-com","24":"tag-epreuve","25":"tag-epreuve-cycliste","26":"tag-federation-francaise-de-cyclisme","27":"tag-ffc","28":"tag-flandres","29":"tag-fr","30":"tag-france","31":"tag-live","32":"tag-live-course","33":"tag-live-epreuve","34":"tag-peloton","35":"tag-radio-peloton","36":"tag-radio-tour","37":"tag-ravitaillement","38":"tag-relance","39":"tag-sports","40":"tag-uci","41":"tag-velo","42":"tag-velos"},"share_on_mastodon":{"url":"https:\/\/pubeurope.com\/@fr\/115751521905215339","error":""},"_links":{"self":[{"href":"https:\/\/www.europesays.com\/fr\/wp-json\/wp\/v2\/posts\/611546","targetHints":{"allow":["GET"]}}],"collection":[{"href":"https:\/\/www.europesays.com\/fr\/wp-json\/wp\/v2\/posts"}],"about":[{"href":"https:\/\/www.europesays.com\/fr\/wp-json\/wp\/v2\/types\/post"}],"author":[{"embeddable":true,"href":"https:\/\/www.europesays.com\/fr\/wp-json\/wp\/v2\/users\/2"}],"replies":[{"embeddable":true,"href":"https:\/\/www.europesays.com\/fr\/wp-json\/wp\/v2\/comments?post=611546"}],"version-history":[{"count":0,"href":"https:\/\/www.europesays.com\/fr\/wp-json\/wp\/v2\/posts\/611546\/revisions"}],"wp:featuredmedia":[{"embeddable":true,"href":"https:\/\/www.europesays.com\/fr\/wp-json\/wp\/v2\/media\/611547"}],"wp:attachment":[{"href":"https:\/\/www.europesays.com\/fr\/wp-json\/wp\/v2\/media?parent=611546"}],"wp:term":[{"taxonomy":"category","embeddable":true,"href":"https:\/\/www.europesays.com\/fr\/wp-json\/wp\/v2\/categories?post=611546"},{"taxonomy":"post_tag","embeddable":true,"href":"https:\/\/www.europesays.com\/fr\/wp-json\/wp\/v2\/tags?post=611546"}],"curies":[{"name":"wp","href":"https:\/\/api.w.org\/{rel}","templated":true}]}}