{"id":611552,"date":"2025-12-20T10:55:39","date_gmt":"2025-12-20T10:55:39","guid":{"rendered":"https:\/\/www.europesays.com\/fr\/611552\/"},"modified":"2025-12-20T10:55:39","modified_gmt":"2025-12-20T10:55:39","slug":"denis-brogniart-a-dijon-pour-dedicacer-son-livre-de-photos","status":"publish","type":"post","link":"https:\/\/www.europesays.com\/fr\/611552\/","title":{"rendered":"Denis Brogniart \u00e0 Dijon pour d\u00e9dicacer son livre de photos"},"content":{"rendered":"<p>Mercredi 17\u00a0d\u00e9cembre, Denis Brogniart, animateur de la c\u00e9l\u00e8bre \u00e9mission Koh Lanta est venu \u00e0 Dijon pour d\u00e9dicacer son dernier livre, Mes photos au bout du monde, qui regroupe une s\u00e9lection de ses photos prises au cours des vingt derni\u00e8res ann\u00e9es. Dans le magasin Cultura, le journaliste a accueilli les visiteurs venus nombreux faire d\u00e9dicacer leurs livres et lui t\u00e9moigner leur affection.<\/p>\n","protected":false},"excerpt":{"rendered":"Mercredi 17\u00a0d\u00e9cembre, Denis Brogniart, animateur de la c\u00e9l\u00e8bre \u00e9mission Koh Lanta est venu \u00e0 Dijon pour d\u00e9dicacer son&hellip;\n","protected":false},"author":2,"featured_media":611553,"comment_status":"","ping_status":"","sticky":false,"template":"","format":"standard","meta":{"footnotes":""},"categories":[1358],"tags":[1348,1384,1385,2931,1687,1386,2930,8587,58,8588,59,107,1011,27,5325,2410,273],"class_list":{"0":"post-611552","1":"post","2":"type-post","3":"status-publish","4":"format-standard","5":"has-post-thumbnail","7":"category-arts-et-design","8":"tag-arts","9":"tag-arts-and-design","10":"tag-arts-et-design","11":"tag-cote-dor","12":"tag-culture-loisirs","13":"tag-design","14":"tag-dijon","15":"tag-dijon-ville","16":"tag-divertissement","17":"tag-edition-dijon-et-son-agglomeration","18":"tag-entertainment","19":"tag-fil-info","20":"tag-fr","21":"tag-france","22":"tag-galerie-media","23":"tag-livres-bd","24":"tag-selection-de-la-redaction"},"share_on_mastodon":{"url":"https:\/\/pubeurope.com\/@fr\/115751532912847811","error":""},"_links":{"self":[{"href":"https:\/\/www.europesays.com\/fr\/wp-json\/wp\/v2\/posts\/611552","targetHints":{"allow":["GET"]}}],"collection":[{"href":"https:\/\/www.europesays.com\/fr\/wp-json\/wp\/v2\/posts"}],"about":[{"href":"https:\/\/www.europesays.com\/fr\/wp-json\/wp\/v2\/types\/post"}],"author":[{"embeddable":true,"href":"https:\/\/www.europesays.com\/fr\/wp-json\/wp\/v2\/users\/2"}],"replies":[{"embeddable":true,"href":"https:\/\/www.europesays.com\/fr\/wp-json\/wp\/v2\/comments?post=611552"}],"version-history":[{"count":0,"href":"https:\/\/www.europesays.com\/fr\/wp-json\/wp\/v2\/posts\/611552\/revisions"}],"wp:featuredmedia":[{"embeddable":true,"href":"https:\/\/www.europesays.com\/fr\/wp-json\/wp\/v2\/media\/611553"}],"wp:attachment":[{"href":"https:\/\/www.europesays.com\/fr\/wp-json\/wp\/v2\/media?parent=611552"}],"wp:term":[{"taxonomy":"category","embeddable":true,"href":"https:\/\/www.europesays.com\/fr\/wp-json\/wp\/v2\/categories?post=611552"},{"taxonomy":"post_tag","embeddable":true,"href":"https:\/\/www.europesays.com\/fr\/wp-json\/wp\/v2\/tags?post=611552"}],"curies":[{"name":"wp","href":"https:\/\/api.w.org\/{rel}","templated":true}]}}