{"id":611558,"date":"2025-12-20T10:59:11","date_gmt":"2025-12-20T10:59:11","guid":{"rendered":"https:\/\/www.europesays.com\/fr\/611558\/"},"modified":"2025-12-20T10:59:11","modified_gmt":"2025-12-20T10:59:11","slug":"avatar-de-feu-et-de-cendres-de-james-cameron-immersion-dans-le-chaos-de-pandora","status":"publish","type":"post","link":"https:\/\/www.europesays.com\/fr\/611558\/","title":{"rendered":"\u00ab\u00a0Avatar: de feu et de cendres\u00a0\u00bb de James Cameron, immersion dans le chaos de Pandora"},"content":{"rendered":"<p>Le r\u00e9alisateur James Cameron a d\u00e9voil\u00e9 le 17 d\u00e9cembre le troisi\u00e8me volet de la saga \u00ab\u00a0Avatar\u00a0\u00bb. Le nouvel opus intitul\u00e9 \u00ab\u00a0De feu et de cendres\u00a0\u00bb transporte \u00e0 nouveau les spectateurs sur la plan\u00e8te Pandora, offrant une exp\u00e9rience visuelle spectaculaire, bien que le sc\u00e9nario suscite moins d&rsquo;enthousiasme.<\/p>\n<p>\u00ab\u00a0Avatar: de feu et de cendres\u00a0\u00bb poursuit l&rsquo;histoire de Jake Sully (Sam Worthington) et de sa famille, \u00e9voluant dans un monde de plus en plus instable sur la plan\u00e8te Pandora. Pour m\u00e9moire, l&rsquo;inaugural \u00ab\u00a0Avatar\u00a0\u00bb racontait l&rsquo;histoire d&rsquo;une firme terrestre, appuy\u00e9e par l\u2019arm\u00e9e am\u00e9ricaine, qui avait rep\u00e9r\u00e9 sur une plan\u00e8te lointaine, Pandora, un minerai faramineux. Mais la soci\u00e9t\u00e9 devait faire face \u00e0 la r\u00e9sistance du peuple local, les Na\u2019vis.<\/p>\n<p>\u00ab\u00a0Avatar 3\u00a0\u00bb, v\u00e9ritable prolongement du deuxi\u00e8me volet baptis\u00e9 \u00ab\u00a0La voie de l&rsquo;eau\u00a0\u00bb o\u00f9 les personnages commencent \u00e0 se d\u00e9chirer, pr\u00e9sente de nouveaux rivages inqui\u00e9tants, o\u00f9 le feu et les cendres dominent. Les personnages principaux sont confront\u00e9s \u00e0 des d\u00e9fis existentiels, symbolisant un monde en proie au chaos.<\/p>\n<p>Oona Chaplin\u00a0incarne Varang, la nouvelle antagoniste chez les Na&rsquo;vis provenant d&rsquo;un nouveau clan. Ce personnage, \u00e0 la fois mal\u00e9fique et symbolique, incarne le pouvoir et le contr\u00f4le par la peur. Les h\u00e9ro\u00efnes, dont Sigourney Weaver (Kiri) et Kate Winslet (Ronal), se d\u00e9marquent par leur force et leur sensibilit\u00e9. Leur performance sous les capteurs technologiques t\u00e9moigne de la pr\u00e9cision du travail du r\u00e9alisateur canadien James Cameron.<\/p>\n<p>Contenu externe<\/p>\n<p> Ce contenu externe ne peut pas \u00eatre affich\u00e9 car il est susceptible de collecter des donn\u00e9es personnelles. Pour voir ce contenu vous devez autoriser la cat\u00e9gorie <strong>R\u00e9seaux sociaux<\/strong>. <\/p>\n<p> Accepter Plus d&rsquo;info <\/p>\n<p>    Oeuvre visuellement impressionnante<\/p>\n<p>La technologie joue un r\u00f4le central dans la r\u00e9alisation de ce film. James Cameron, souvent per\u00e7u comme un geek de la technologie, utilise son expertise pour cr\u00e9er un univers immersif. Il souligne l&rsquo;importance de guider les acteurs pour donner vie aux personnages, malgr\u00e9 les d\u00e9fis techniques.<\/p>\n<p>Bien que le film comporte des moments pr\u00e9visibles et des combats prolong\u00e9s, la prouesse technologique et cr\u00e9ative d'\u00a0\u00bbAvatar: de feu et de cendres\u00a0\u00bb est ind\u00e9niable. James Cameron continue de repousser les limites du cin\u00e9ma, offrant une \u0153uvre visuellement impressionnante qui capte l&rsquo;imagination du public.<\/p>\n<p class=\"sources\">Sujet TV: Adeline Percept<\/p>\n<p class=\"credit\">Adaptation web: olhor<\/p>\n<p class=\"article-footnote\">\u00ab\u00a0Avatar: de feu et de cendres\u00a0\u00bb de\u00a0James Cameron, avec\u00a0Sam Worthington,\u00a0Zoe Saldana,\u00a0Sigourney Weaver, Kate Winslet, Oona Chaplin. A voir dans les salles romandes depuis le 17 d\u00e9cembre 2025.<\/p>\n","protected":false},"excerpt":{"rendered":"Le r\u00e9alisateur James Cameron a d\u00e9voil\u00e9 le 17 d\u00e9cembre le troisi\u00e8me volet de la saga \u00ab\u00a0Avatar\u00a0\u00bb. Le nouvel&hellip;\n","protected":false},"author":2,"featured_media":611559,"comment_status":"","ping_status":"","sticky":false,"template":"","format":"standard","meta":{"footnotes":""},"categories":[1354],"tags":[1693,650,215,251,58,59,2081,1346,1011,27,72267,28114,23262,1360,72268,72269,52,4233,42785,54397],"class_list":{"0":"post-611558","1":"post","2":"type-post","3":"status-publish","4":"format-standard","5":"has-post-thumbnail","7":"category-films","8":"tag-arts-et-divertissement","9":"tag-cinema","10":"tag-commerce","11":"tag-culture","12":"tag-divertissement","13":"tag-entertainment","14":"tag-film","15":"tag-films","16":"tag-fr","17":"tag-france","18":"tag-industrie-textile","19":"tag-james-cameron","20":"tag-kate-winslet","21":"tag-movies","22":"tag-oona-castilla-chaplin","23":"tag-pandora-q224160462","24":"tag-planete","25":"tag-realisateur","26":"tag-sam-worthington","27":"tag-sigourney-weaver"},"share_on_mastodon":{"url":"https:\/\/pubeurope.com\/@fr\/115751548867156284","error":""},"_links":{"self":[{"href":"https:\/\/www.europesays.com\/fr\/wp-json\/wp\/v2\/posts\/611558","targetHints":{"allow":["GET"]}}],"collection":[{"href":"https:\/\/www.europesays.com\/fr\/wp-json\/wp\/v2\/posts"}],"about":[{"href":"https:\/\/www.europesays.com\/fr\/wp-json\/wp\/v2\/types\/post"}],"author":[{"embeddable":true,"href":"https:\/\/www.europesays.com\/fr\/wp-json\/wp\/v2\/users\/2"}],"replies":[{"embeddable":true,"href":"https:\/\/www.europesays.com\/fr\/wp-json\/wp\/v2\/comments?post=611558"}],"version-history":[{"count":0,"href":"https:\/\/www.europesays.com\/fr\/wp-json\/wp\/v2\/posts\/611558\/revisions"}],"wp:featuredmedia":[{"embeddable":true,"href":"https:\/\/www.europesays.com\/fr\/wp-json\/wp\/v2\/media\/611559"}],"wp:attachment":[{"href":"https:\/\/www.europesays.com\/fr\/wp-json\/wp\/v2\/media?parent=611558"}],"wp:term":[{"taxonomy":"category","embeddable":true,"href":"https:\/\/www.europesays.com\/fr\/wp-json\/wp\/v2\/categories?post=611558"},{"taxonomy":"post_tag","embeddable":true,"href":"https:\/\/www.europesays.com\/fr\/wp-json\/wp\/v2\/tags?post=611558"}],"curies":[{"name":"wp","href":"https:\/\/api.w.org\/{rel}","templated":true}]}}