{"id":611568,"date":"2025-12-20T11:04:12","date_gmt":"2025-12-20T11:04:12","guid":{"rendered":"https:\/\/www.europesays.com\/fr\/611568\/"},"modified":"2025-12-20T11:04:12","modified_gmt":"2025-12-20T11:04:12","slug":"les-galeries-lafayette-en-passe-de-vendre-les-murs-du-bhv-a-un-acteur-anglo-saxon","status":"publish","type":"post","link":"https:\/\/www.europesays.com\/fr\/611568\/","title":{"rendered":"les Galeries Lafayette en passe de vendre les murs du BHV \u00e0 un \u00abacteur anglo-saxon\u00bb"},"content":{"rendered":"<p>\n    Le groupe a annonc\u00e9 ce samedi \u00eatre \u00abentr\u00e9 en n\u00e9gociations exclusives avec un acteur anglo-saxon\u00bb, en vue de lui c\u00e9der les murs de l\u2019embl\u00e9matique du grand magasin parisien aux conditions pr\u00e9vues par le groupe SGM, qui assure actuellement l\u2019exploitation du BHV.<\/p>\n<p class=\"fig-paragraph\">Coup de tonnerre pour le BHV, en pleine tourmente depuis l\u2019arriv\u00e9e de Shein dans ses locaux. Le groupe Galeries Lafayette a annonc\u00e9 ce samedi \u00eatre \u00abentr\u00e9 en n\u00e9gociations exclusives avec un acteur anglo-saxon\u00bb, en vue de lui c\u00e9der les murs du\u00a0<a href=\"https:\/\/video.lefigaro.fr\/figaro\/economie\/anne-hidalgo-assure-que-la-mairie-de-paris-etudie-toutes-les-possibilites-de-racheter-le-bhv-20251216\" data-fig-type=\"Video\" data-gtm-custom-categorie=\"navigation\" data-gtm-custom-action=\"crossclick\" data-gtm-custom-label=\"Contextuel\" data-gtm-event=\"customEventSPE\" data-fig-domain=\"LEFIGARO\" target=\"_blank\" rel=\"noopener\">b\u00e2timent BHV<\/a>\u00a0\u00abd\u00e8s le mois de janvier\u00bb, \u00abaux conditions initialement pr\u00e9vues avec le groupe SGM\u00bb.<\/p>\n<p class=\"fig-paragraph\">Le nom de cet investisseur \u00abdisposant d\u2019une expertise reconnue dans la gestion d\u2019actifs immobiliers\u00bb, selon le communiqu\u00e9, n\u2019a pas \u00e9t\u00e9 donn\u00e9. Le groupe SGM, cofond\u00e9 par Fr\u00e9d\u00e9ric Merlin, qui assure l\u2019exploitation du magasin BHV dans la tourmente depuis l\u2019annonce de son alliance d\u00e9but octobre avec le g\u00e9ant du commerce en ligne Shein, \u00e9tait li\u00e9 aux Galeries Lafayette par une promesse de vente arrivant \u00e0 \u00e9ch\u00e9ance vendredi.<\/p>\n<p>                                            <a class=\"fig-a11y-skip\" href=\"#fig-a11y-skip-main-inarticle\" data-module=\"a11y-skip\" data-context=\"was @visible\"><br \/>\n    Passer la publicit\u00e9<br \/>\n<\/a>            <\/p>\n<p class=\"fig-paragraph\">Le tour de table s\u2019est av\u00e9r\u00e9 plus difficile que pr\u00e9vu, en particulier apr\u00e8s que SGM a \u00e9t\u00e9\u00a0<a href=\"https:\/\/video.lefigaro.fr\/figaro\/societes\/rupture-des-negociations-entre-la-banque-des-territoires-et-la-sgm-apres-lannonce-de-larrivee-de-shein-au-bhv-20251008\" data-fig-type=\"Video\" data-gtm-custom-categorie=\"navigation\" data-gtm-custom-action=\"crossclick\" data-gtm-custom-label=\"Contextuel\" data-gtm-event=\"customEventSPE\" data-fig-domain=\"LEFIGARO\" target=\"_blank\" rel=\"noopener\">l\u00e2ch\u00e9 par la Banque des territoires en octobre dernier,\u00a0<\/a>dans le sillage du scandale Shein. C\u2019est donc finalement un groupe anglo-saxon, dont ni SGM, ni Galeries Lafayette contact\u00e9s par l\u2019AFP n\u2019ont voulu donner le nom, qui a achet\u00e9 les murs. Cette vente se fait selon les conditions qui avaient \u00e9t\u00e9 propos\u00e9es au groupe SGM, est-il ajout\u00e9 sans pr\u00e9cision.<\/p>\n<p class=\"fig-paragraph\">\u00abCette acquisition serait r\u00e9alis\u00e9e par l\u2019investisseur en accord avec le groupe SGM, qui continuera \u00e0 assurer l\u2019exploitation du BHV\u00bb, ajoute le communiqu\u00e9. \u00abNous sommes heureux de cette nouvelle \u00e9tape franchie\u00bb, a r\u00e9agi aupr\u00e8s de l\u2019AFP un porte-parole de SGM, \u00abnous restons focalis\u00e9s sur la finalisation de cette op\u00e9ration\u00bb.<\/p>\n<p>                                            \u00abRupture de confiance\u00bb<\/p>\n<p class=\"fig-paragraph\">Fr\u00e9d\u00e9ric Merlin a suscit\u00e9 un toll\u00e9 en annon\u00e7ant d\u00e9but octobre l\u2019installation, au sein du BHV, du premier magasin physique aux couleurs de la marque asiatique de mode ultra-\u00e9ph\u00e9m\u00e8re, accus\u00e9e de nombreux maux (concurrence d\u00e9loyale, pollution&#8230;). La Banque des territoires, entit\u00e9 de la caisse des d\u00e9p\u00f4ts, avait par la suite annonc\u00e9 son retrait des n\u00e9gociations entam\u00e9es en juin avec la SGM pour l\u2019aider \u00e0 s\u2019offrir le b\u00e2timent, invoquant une \u00abrupture de confiance\u00bb. Refusant de voir son nom associ\u00e9 \u00e0 Shein, Galeries Lafayette a par ailleurs rompu son contrat avec la SGM concernant sept magasins de province &#8211; rebaptis\u00e9s BHV. Mardi, la maire socialiste de Paris Anne Hidalgo a accentu\u00e9 la pression en\u00a0<a href=\"http:\/\/www.lefigaro.fr\/societes\/la-ville-de-paris-prete-a-racheter-le-bhv-si-ce-dernier-venait-a-quitter-ses-murs-annonce-anne-hidalgo-20251216\" data-fig-type=\"NewsFlash\" data-gtm-custom-categorie=\"navigation\" data-gtm-custom-action=\"crossclick\" data-gtm-custom-label=\"Contextuel\" data-gtm-event=\"customEventSPE\" data-fig-domain=\"LEFIGARO\" target=\"_blank\" rel=\"noopener\">manifestant l\u2019int\u00e9r\u00eat de la capitale\u00a0<\/a>pour les murs du grand magasin, situ\u00e9 comme son nom l\u2019indique (BHV pour Bazar de l\u2019H\u00f4tel de Ville) juste sous les fen\u00eatres de l\u2019H\u00f4tel de ville.<\/p>\n","protected":false},"excerpt":{"rendered":"Le groupe a annonc\u00e9 ce samedi \u00eatre \u00abentr\u00e9 en n\u00e9gociations exclusives avec un acteur anglo-saxon\u00bb, en vue de&hellip;\n","protected":false},"author":2,"featured_media":611569,"comment_status":"","ping_status":"","sticky":false,"template":"","format":"standard","meta":{"footnotes":""},"categories":[6],"tags":[4753,35,33,34,1011,27,4238],"class_list":{"0":"post-611568","1":"post","2":"type-post","3":"status-publish","4":"format-standard","5":"has-post-thumbnail","7":"category-economie","8":"tag-bhv","9":"tag-business","10":"tag-economie","11":"tag-economy","12":"tag-fr","13":"tag-france","14":"tag-galeries-lafayette"},"share_on_mastodon":{"url":"https:\/\/pubeurope.com\/@fr\/115751568367869917","error":""},"_links":{"self":[{"href":"https:\/\/www.europesays.com\/fr\/wp-json\/wp\/v2\/posts\/611568","targetHints":{"allow":["GET"]}}],"collection":[{"href":"https:\/\/www.europesays.com\/fr\/wp-json\/wp\/v2\/posts"}],"about":[{"href":"https:\/\/www.europesays.com\/fr\/wp-json\/wp\/v2\/types\/post"}],"author":[{"embeddable":true,"href":"https:\/\/www.europesays.com\/fr\/wp-json\/wp\/v2\/users\/2"}],"replies":[{"embeddable":true,"href":"https:\/\/www.europesays.com\/fr\/wp-json\/wp\/v2\/comments?post=611568"}],"version-history":[{"count":0,"href":"https:\/\/www.europesays.com\/fr\/wp-json\/wp\/v2\/posts\/611568\/revisions"}],"wp:featuredmedia":[{"embeddable":true,"href":"https:\/\/www.europesays.com\/fr\/wp-json\/wp\/v2\/media\/611569"}],"wp:attachment":[{"href":"https:\/\/www.europesays.com\/fr\/wp-json\/wp\/v2\/media?parent=611568"}],"wp:term":[{"taxonomy":"category","embeddable":true,"href":"https:\/\/www.europesays.com\/fr\/wp-json\/wp\/v2\/categories?post=611568"},{"taxonomy":"post_tag","embeddable":true,"href":"https:\/\/www.europesays.com\/fr\/wp-json\/wp\/v2\/tags?post=611568"}],"curies":[{"name":"wp","href":"https:\/\/api.w.org\/{rel}","templated":true}]}}