{"id":611570,"date":"2025-12-20T11:05:10","date_gmt":"2025-12-20T11:05:10","guid":{"rendered":"https:\/\/www.europesays.com\/fr\/611570\/"},"modified":"2025-12-20T11:05:10","modified_gmt":"2025-12-20T11:05:10","slug":"en-direct-guerre-en-ukraine-lemissaire-russe-kirill-dmitriev-annonce-se-rendre-a-miami-ou-des-discussions-ont-debute-pour-tenter-de-mettre-fin-au-conflit-le-monde-fr","status":"publish","type":"post","link":"https:\/\/www.europesays.com\/fr\/611570\/","title":{"rendered":"EN DIRECT, guerre en Ukraine : l\u2019\u00e9missaire russe Kirill Dmitriev annonce se rendre \u00e0 Miami, o\u00f9 des discussions ont d\u00e9but\u00e9 pour tenter de mettre fin au conflit &#8211; Le Monde.fr"},"content":{"rendered":"<ol>\n<li><a href=\"https:\/\/news.google.com\/rss\/articles\/CBMilwJBVV95cUxOVEpURS0tZDJwUkZUR1NMcFNWaEgwWWRGcnd0NmdXeEN4QXJWMy1iSi1ReDQ4OC1HaVBPYUU1ZmwtbmRNQUFYLV9mQ3gzRGhpTTJnUGNSM0NrV2pocDFXMkpXQzMzMjVzZUVPT3JLa2FqU0Z1b18tRGVlSVlSSUNtaWlaYzkyM3ZkM1pYOV82bmxpcDVULXQtbF93cV92TjJSdEJMRnNTSUZ1Q0QwekVCOXFMQTFRTXVKZ0JZQzIzZDlYZEF6MmIyaURwVzZmb19xTnVnay1iMlQwbUY2eWxVblRSWTVpZUROcVVCQjFOckZTRklwUVJnX3FWdmdibC00SkhUNXpJVGNDeGRVeGtDdDFDYURlOXc?oc=5\" target=\"_blank\" rel=\"noopener\">EN DIRECT, guerre en Ukraine : l\u2019\u00e9missaire russe Kirill Dmitriev annonce se rendre \u00e0 Miami, o\u00f9 des discussions ont d\u00e9but\u00e9 pour tenter de mettre fin au conflit<\/a>&nbsp;&nbsp;Le Monde.fr<\/li>\n<li><a href=\"https:\/\/news.google.com\/rss\/articles\/CBMinwJBVV95cUxNZ0hvOE9xMjhUZFFjMXdwcHB3TVRmT3hOdDJtYm9LRTR5TDJVRmx2Q3FJMEc1X05FWXctT0ZKOFktSU5CU2F6WVdLa19FOHNldHg1dzg4czd2MVB6cnVaNWNxclU1Yk1vdUVtNGpnbFBtUGdhYW9DZ1FIT2V3R1NRVFppRzFpYUswUUo4WmQwWnhUc251bU9NRVBReW5TeWE4cjE3UDhVTVpmZjhsUG9sMnZMZmJfMGF0TEFiTWo3cWxrdFZFZVJ3cmxOaEEzWEJUQWNvMVV3OUt0NzNyS1FQTUJjdkVqdzF1cmM2SHZrZG9lUGVfY05ETENoLUlQNkc4VDdaN3hjSnlLQ3BIZ3BELUx2VG8wRUpPMUhHZk9lWQ?oc=5\" target=\"_blank\" rel=\"noopener\">EN DIRECT, guerre en Ukraine : les Etats-Unis ne peuvent pas imposer un accord \u00e0 Kiev ou \u00e0 la Russie, affirme Marco Rubio<\/a>&nbsp;&nbsp;Le Monde.fr<\/li>\n<li><a href=\"https:\/\/news.google.com\/rss\/articles\/CBMirgJBVV95cUxNQjhoSkgzOUhUV3dPZkg4TGtRY3NqbHN4cFVkTjNQQjdKeEtZbXpkaUhtcGxlNWpvNjY1N0tnOTVFV1EtdXVlTkhXcE4zeFM0N09Wdk14TDJVcTB5X2x3Y1ZQMi1jYXZRRE5LdG1RcmNseWVORlNFdmpxMG5aQUthSnVLNVFpQlF6VUUydjJibm1fUGV0aWhoM0p3LVRyOUZPNXlfYVVFZ2V3NDRtLUl2My14Z1pQVlN3ckIyVXhVZUZkMEFMOWU4dE5EWm9QVWs5Y2o1UFB3REdVLWM0dGtmb3h4VnpLQS02VTRiYlNteGNmT3JNcGVqTFpZSjlwWU4wZ0FsNnhEYU9SVnlQcFF3SXFNN2FpdENkMnV1NFNQdF9WZTd0MVBoTDhFNXdQdw?oc=5\" target=\"_blank\" rel=\"noopener\">C\u2019est \u00e0 eux de conclure un accord \u00bb : les \u00c9tats-Unis assurent ne pas vouloir imposer la paix entre l\u2019Ukraine et la Russie<\/a>&nbsp;&nbsp;Le Parisien<\/li>\n<li><a href=\"https:\/\/news.google.com\/rss\/articles\/CBMitwJBVV95cUxQYWt6Y0hCQTF0NnVqN0QxYVQxRWlaMW1HSkt0YjFYcjhmRHVlZ3k1bzNEWlNtNXk5c2RRUGxjUHp1cHNnWUVwa3NMRGpFdkpTZmVvSkZ4b1B1Rldrc2dnZHV3MFVQdE1BNEIybTFUWllTSllhSDl5aWpXcDJRbUNSSmdnYXAzZHdqY1B2TVB3MGhuWTh2OU00QWV0WEt6SnpzaF9YYVQzbjVDa2tNZUh1RHYzT3ZNbXJsNFRLTG5RUE1Nb3pnVXg2U08tVUZwWUJ6elZ0b3R1aThIRVBPV2M5Q2lMV1QwbnNkREVndk16RWFaODlwbkdBQ1ljOHdLQjVSNC1aY0d0V3pkemF2QTRsLWV4R1I1eVY4TDRtcFpQSFhsREpNcWJ3ZEhVUUhBSVpFZ0l0dG11RQ?oc=5\" target=\"_blank\" rel=\"noopener\">Guerre en Ukraine : sept morts dans une frappe de missile russe dans la r\u00e9gion d&rsquo;Odessa<\/a>&nbsp;&nbsp;Franceinfo<\/li>\n<li><a href=\"https:\/\/news.google.com\/rss\/articles\/CBMitgFBVV95cUxQcDlYX2lZSHpiRmtpbGlCQjgtMVo4eGhoN004WE5uNm9hWWxUelRWbmpRdEotQjVlN0ZPVlA1VVJOSjE4cGZxUWl0LUJrSzNoVy1RTWp1TkRVSV9NZGVSSFJiTkN5R2NJeVZ1ZGdYel9mZHg1ekZXbmRTMmpsekVqZkVGaXlNUUxOd3NJanI1a0I5dGZFcW9wRjRTRmZ4RUtNLTMxZWprZEFfam5JZ0luUXpPblJBdw?oc=5\" target=\"_blank\" rel=\"noopener\">\u00ab J\u2019esp\u00e8re que l\u2019Ukraine agira vite \u00bb : Trump remet la pression diplomatique sur Kiev<\/a>&nbsp;&nbsp;l&rsquo;Opinion<\/li>\n<\/ol>\n","protected":false},"excerpt":{"rendered":"EN DIRECT, guerre en Ukraine : l\u2019\u00e9missaire russe Kirill Dmitriev annonce se rendre \u00e0 Miami, o\u00f9 des discussions&hellip;\n","protected":false},"author":2,"featured_media":611571,"comment_status":"","ping_status":"","sticky":false,"template":"","format":"standard","meta":{"footnotes":""},"categories":[5],"tags":[11,1011,27,14,12,28],"class_list":{"0":"post-611570","1":"post","2":"type-post","3":"status-publish","4":"format-standard","5":"has-post-thumbnail","7":"category-international","8":"tag-actualites","9":"tag-fr","10":"tag-france","11":"tag-international","12":"tag-news","13":"tag-world"},"share_on_mastodon":{"url":"https:\/\/pubeurope.com\/@fr\/115751572336899928","error":""},"_links":{"self":[{"href":"https:\/\/www.europesays.com\/fr\/wp-json\/wp\/v2\/posts\/611570","targetHints":{"allow":["GET"]}}],"collection":[{"href":"https:\/\/www.europesays.com\/fr\/wp-json\/wp\/v2\/posts"}],"about":[{"href":"https:\/\/www.europesays.com\/fr\/wp-json\/wp\/v2\/types\/post"}],"author":[{"embeddable":true,"href":"https:\/\/www.europesays.com\/fr\/wp-json\/wp\/v2\/users\/2"}],"replies":[{"embeddable":true,"href":"https:\/\/www.europesays.com\/fr\/wp-json\/wp\/v2\/comments?post=611570"}],"version-history":[{"count":0,"href":"https:\/\/www.europesays.com\/fr\/wp-json\/wp\/v2\/posts\/611570\/revisions"}],"wp:featuredmedia":[{"embeddable":true,"href":"https:\/\/www.europesays.com\/fr\/wp-json\/wp\/v2\/media\/611571"}],"wp:attachment":[{"href":"https:\/\/www.europesays.com\/fr\/wp-json\/wp\/v2\/media?parent=611570"}],"wp:term":[{"taxonomy":"category","embeddable":true,"href":"https:\/\/www.europesays.com\/fr\/wp-json\/wp\/v2\/categories?post=611570"},{"taxonomy":"post_tag","embeddable":true,"href":"https:\/\/www.europesays.com\/fr\/wp-json\/wp\/v2\/tags?post=611570"}],"curies":[{"name":"wp","href":"https:\/\/api.w.org\/{rel}","templated":true}]}}