{"id":611579,"date":"2025-12-20T11:10:41","date_gmt":"2025-12-20T11:10:41","guid":{"rendered":"https:\/\/www.europesays.com\/fr\/611579\/"},"modified":"2025-12-20T11:10:41","modified_gmt":"2025-12-20T11:10:41","slug":"deux-concerts-de-noel-au-temple","status":"publish","type":"post","link":"https:\/\/www.europesays.com\/fr\/611579\/","title":{"rendered":"deux concerts de No\u00ebl au temple"},"content":{"rendered":"<p>Deux concerts de No\u00ebl sont programm\u00e9s dans le cadre des Salons chantants de Nancy Ch\u0153urs \u00e0 Ch\u0153urs, au Temple protestant. Le premier aura lieu <strong>\u00e0 15\u00a0h<\/strong> , avec les chorales Croq\u2019Notes, Les Mirabelles et le ch\u0153ur d\u2019hommes de Faridol\u00a0; et le second, <strong>\u00e0 20\u00a0h<\/strong> , avec Chorus 2000 et Les Croissants d\u2019or.<\/p>\n<p class=\"note\">Samedi 20\u00a0d\u00e9cembre, \u00e0 15\u00a0h et \u00e0 20\u00a0h, au Temple protestant, place Maginot, \u00e0 Nancy. Participation libre.<\/p>\n","protected":false},"excerpt":{"rendered":"Deux concerts de No\u00ebl sont programm\u00e9s dans le cadre des Salons chantants de Nancy Ch\u0153urs \u00e0 Ch\u0153urs, au&hellip;\n","protected":false},"author":2,"featured_media":611580,"comment_status":"","ping_status":"","sticky":false,"template":"","format":"standard","meta":{"footnotes":""},"categories":[9635],"tags":[1111,11,1687,1704,1777,674,1011,27,775,873,1702,1703,12,25,3140],"class_list":{"0":"post-611579","1":"post","2":"type-post","3":"status-publish","4":"format-standard","5":"has-post-thumbnail","7":"category-nancy","8":"tag-actu","9":"tag-actualites","10":"tag-culture-loisirs","11":"tag-edition-nancy-et-agglomeration","12":"tag-eu","13":"tag-europe","14":"tag-fr","15":"tag-france","16":"tag-grand-est","17":"tag-musique","18":"tag-nancy","19":"tag-nancy-ville-54b","20":"tag-news","21":"tag-republique-francaise","22":"tag-spectacle"},"share_on_mastodon":{"url":"https:\/\/pubeurope.com\/@fr\/115751591774915331","error":""},"_links":{"self":[{"href":"https:\/\/www.europesays.com\/fr\/wp-json\/wp\/v2\/posts\/611579","targetHints":{"allow":["GET"]}}],"collection":[{"href":"https:\/\/www.europesays.com\/fr\/wp-json\/wp\/v2\/posts"}],"about":[{"href":"https:\/\/www.europesays.com\/fr\/wp-json\/wp\/v2\/types\/post"}],"author":[{"embeddable":true,"href":"https:\/\/www.europesays.com\/fr\/wp-json\/wp\/v2\/users\/2"}],"replies":[{"embeddable":true,"href":"https:\/\/www.europesays.com\/fr\/wp-json\/wp\/v2\/comments?post=611579"}],"version-history":[{"count":0,"href":"https:\/\/www.europesays.com\/fr\/wp-json\/wp\/v2\/posts\/611579\/revisions"}],"wp:featuredmedia":[{"embeddable":true,"href":"https:\/\/www.europesays.com\/fr\/wp-json\/wp\/v2\/media\/611580"}],"wp:attachment":[{"href":"https:\/\/www.europesays.com\/fr\/wp-json\/wp\/v2\/media?parent=611579"}],"wp:term":[{"taxonomy":"category","embeddable":true,"href":"https:\/\/www.europesays.com\/fr\/wp-json\/wp\/v2\/categories?post=611579"},{"taxonomy":"post_tag","embeddable":true,"href":"https:\/\/www.europesays.com\/fr\/wp-json\/wp\/v2\/tags?post=611579"}],"curies":[{"name":"wp","href":"https:\/\/api.w.org\/{rel}","templated":true}]}}