{"id":611581,"date":"2025-12-20T11:12:19","date_gmt":"2025-12-20T11:12:19","guid":{"rendered":"https:\/\/www.europesays.com\/fr\/611581\/"},"modified":"2025-12-20T11:12:19","modified_gmt":"2025-12-20T11:12:19","slug":"qui-est-le-lateral-enzo-tacafred","status":"publish","type":"post","link":"https:\/\/www.europesays.com\/fr\/611581\/","title":{"rendered":"qui est le lat\u00e9ral Enzo Tacafred"},"content":{"rendered":"<p>Originaire d&rsquo;Ile-de-France, Enzo Tacafred est un lat\u00e9ral de l&rsquo;ASNL capable d&rsquo;\u00e9voluer aussi bien \u00e0 gauche qu&rsquo;\u00e0 droite, n\u00e9 le 8 avril 2005.<\/p>\n<p>Il est pass\u00e9 chez les jeunes par Aubervilliers, avant d&rsquo;int\u00e9grer le centre de formation de l&rsquo;ASNL. Il y a fait ses classes, grimpant les \u00e9chelons un \u00e0 un.<\/p>\n<p>Il a int\u00e9gr\u00e9 l&rsquo;effectif professionnel \u00e0 la fin de l&rsquo;ann\u00e9e 2023, suite au retour sur le banc de Pablo Correa. Il a fait quelques apparitions en National lors des exercices 2023-2024 et 2024-2025, tout en \u00e9voluant \u00e9galement en r\u00e9serve en N3 puis en R1.<\/p>\n<p>Lors de la saison 2025-2026, il commence \u00e0 \u00e9voluer en Ligue 2 avec le club au chardon.<\/p>\n","protected":false},"excerpt":{"rendered":"Originaire d&rsquo;Ile-de-France, Enzo Tacafred est un lat\u00e9ral de l&rsquo;ASNL capable d&rsquo;\u00e9voluer aussi bien \u00e0 gauche qu&rsquo;\u00e0 droite, n\u00e9&hellip;\n","protected":false},"author":2,"featured_media":611582,"comment_status":"","ping_status":"","sticky":false,"template":"","format":"standard","meta":{"footnotes":""},"categories":[9635],"tags":[1111,11,3703,1704,1777,674,1701,63,1011,27,5325,775,230,1702,12,25,517,1700],"class_list":{"0":"post-611581","1":"post","2":"type-post","3":"status-publish","4":"format-standard","5":"has-post-thumbnail","7":"category-nancy","8":"tag-actu","9":"tag-actualites","10":"tag-asnl","11":"tag-edition-nancy-et-agglomeration","12":"tag-eu","13":"tag-europe","14":"tag-fil-info-sport","15":"tag-football","16":"tag-fr","17":"tag-france","18":"tag-galerie-media","19":"tag-grand-est","20":"tag-infographie","21":"tag-nancy","22":"tag-news","23":"tag-republique-francaise","24":"tag-sport","25":"tag-sport-lorrain"},"share_on_mastodon":{"url":"https:\/\/pubeurope.com\/@fr\/115751599665134066","error":""},"_links":{"self":[{"href":"https:\/\/www.europesays.com\/fr\/wp-json\/wp\/v2\/posts\/611581","targetHints":{"allow":["GET"]}}],"collection":[{"href":"https:\/\/www.europesays.com\/fr\/wp-json\/wp\/v2\/posts"}],"about":[{"href":"https:\/\/www.europesays.com\/fr\/wp-json\/wp\/v2\/types\/post"}],"author":[{"embeddable":true,"href":"https:\/\/www.europesays.com\/fr\/wp-json\/wp\/v2\/users\/2"}],"replies":[{"embeddable":true,"href":"https:\/\/www.europesays.com\/fr\/wp-json\/wp\/v2\/comments?post=611581"}],"version-history":[{"count":0,"href":"https:\/\/www.europesays.com\/fr\/wp-json\/wp\/v2\/posts\/611581\/revisions"}],"wp:featuredmedia":[{"embeddable":true,"href":"https:\/\/www.europesays.com\/fr\/wp-json\/wp\/v2\/media\/611582"}],"wp:attachment":[{"href":"https:\/\/www.europesays.com\/fr\/wp-json\/wp\/v2\/media?parent=611581"}],"wp:term":[{"taxonomy":"category","embeddable":true,"href":"https:\/\/www.europesays.com\/fr\/wp-json\/wp\/v2\/categories?post=611581"},{"taxonomy":"post_tag","embeddable":true,"href":"https:\/\/www.europesays.com\/fr\/wp-json\/wp\/v2\/tags?post=611581"}],"curies":[{"name":"wp","href":"https:\/\/api.w.org\/{rel}","templated":true}]}}