{"id":611587,"date":"2025-12-20T11:17:19","date_gmt":"2025-12-20T11:17:19","guid":{"rendered":"https:\/\/www.europesays.com\/fr\/611587\/"},"modified":"2025-12-20T11:17:19","modified_gmt":"2025-12-20T11:17:19","slug":"retrospective-2025-lexpulsion-avortee-de-doualemn-les-enfoires-a-montpellier-les-trois-actualites-incontournables-du-mois-de-janvier","status":"publish","type":"post","link":"https:\/\/www.europesays.com\/fr\/611587\/","title":{"rendered":"R\u00c9TROSPECTIVE 2025 L\u2019expulsion avort\u00e9e de Doualemn, les Enfoir\u00e9s \u00e0 Montpellier\u2026 les trois actualit\u00e9s incontournables du mois de janvier"},"content":{"rendered":"<p>\n                                                                En cette fin d\u2019ann\u00e9e 2025, Midi Libre vous propose de revenir sur les informations qui ont marqu\u00e9 l\u2019actualit\u00e9 r\u00e9gionale de ces douze derniers mois. Retour sur les titres qui ont fait la Une en janvier.\n                            <\/p>\n<p>L\u2019expulsion avort\u00e9e de l\u2019influenceur Doualemn<\/p>\n<p>D\u00e9but janvier, Doualemn, un influenceur alg\u00e9rien de 59 ans qui r\u00e9side \u00e0 Montpellier et compte plusieurs dizaines de milliers d\u2019abonn\u00e9s sur Tiktok, s\u2019en prend violemment \u00e0 un opposant au r\u00e9gime alg\u00e9rien et appelle \u00e0 lui infliger une \u00ab\u00a0s\u00e9v\u00e8re correction\u00a0\u00bb. Le\u00a0pr\u00e9fet de l\u2019H\u00e9rault d\u00e9cide de lui retirer son titre de s\u00e9jour et prend une mesure d\u2019expulsion.<\/p>\n<p class=\"std-elt__inline\">\n        <strong>\u00c0 lire aussi :<\/strong><br \/>\n        <a href=\"https:\/\/www.midilibre.fr\/2025\/01\/09\/coup-de-theatre-lalgerie-refuse-linfluenceur-montpellierain-expulse-pour-ses-propos-violents-sur-tiktok-il-revient-en-france-12436041.php\" target=\"_blank\" rel=\"noopener\">Coup de th\u00e9\u00e2tre, l\u2019Alg\u00e9rie refuse l&rsquo;influenceur Montpelli\u00e9rain expuls\u00e9 pour ses propos violents sur TikTok, il revient en France<\/a>\n    <\/p>\n<p>Le 9\u00a0janvier, Doualemn est mis dans un avion vers l\u2019Alg\u00e9rie, mais les autorit\u00e9s alg\u00e9riennes lui refusent l\u2019entr\u00e9e sur leur territoire. L\u2019influenceur est renvoy\u00e9 en France le m\u00eame jour, ce qui provoque une tension diplomatique entre Paris et Alger. \u00ab\u00a0<a href=\"https:\/\/www.midilibre.fr\/2025\/01\/10\/video-lalgerie-cherche-a-humilier-la-france-bruno-retailleau-reagit-a-lexpulsion-de-linfluenceur-algerien-de-montpellier-12437050.php\" target=\"_blank\" rel=\"noopener\">L\u2019Alg\u00e9rie cherche \u00e0 humilier la France\u00a0\u00bb<\/a>, l\u00e2che le ministre de l\u2019Int\u00e9rieur, Bruno Retailleau, tandis que le ministre alg\u00e9rien des affaires \u00e9trang\u00e8res d\u00e9nonce \u00ab\u00a0une expulsion arbitraire\u00a0\u00bb.<\/p>\n<p>Les Enfoir\u00e9s \u00e0 Montpellier<\/p>\n<p>Cette ann\u00e9e, le <a href=\"https:\/\/www.midilibre.fr\/2025\/01\/15\/on-a-vu-la-repetition-generale-du-spectacle-pour-les-restos-du-coeur-et-si-cetait-le-meilleur-des-enfoires-12447101.php\" target=\"_blank\" rel=\"noopener\">traditionnel spectacle des Enfoir\u00e9s <\/a>au profit des Restos du c\u0153ur \u00e9tait organis\u00e9 \u00e0 la Sud de France Arena de Montpellier. La troupe a donn\u00e9 sept concerts en six jours avec un casting particuli\u00e8rement riche en stars\u00a0: on peut noter la pr\u00e9sence de Patrick Bruel, Zazie, Jean-Louis Aubert ou encore Patrick Fiori, des artistes qui font leur retour (Mimie Mathy, Kendji Girac\u2026), des nouveaux venus (Ibrahim Maalouf, Alain Chamfort, Pierre Garnier\u2026), mais aussi, les fr\u00e8res Lebrun et probablement Antoine Dupont. Ce n\u2019est pas la premi\u00e8re fois que Les Enfoir\u00e9s sont pr\u00e9sents dans la ville h\u00e9raultaise, ils \u00e9taient d\u00e9j\u00e0 de passage en 1989, 2011 mais aussi 2022.<\/p>\n<p class=\"std-elt__inline\">\n        <strong>\u00c0 lire aussi :<\/strong><br \/>\n        <a href=\"https:\/\/www.midilibre.fr\/2025\/03\/07\/le-spectacle-des-enfoires-diffuse-sur-tf1-les-confidences-des-artistes-sur-les-coulisses-du-show-enregistre-a-montpellier-12548621.php\" target=\"_blank\" rel=\"noopener\">Le spectacle des Enfoir\u00e9s diffus\u00e9 sur TF1\u00a0: les confidences des artistes sur les coulisses du show enregistr\u00e9 \u00e0 Montpellier<\/a>\n    <\/p>\n<p>Un couple attaqu\u00e9 par un sanglier dans le Sud-Aveyron<\/p>\n<p>Samedi 25\u00a0janvier, \u00e0 Saint-Martin-du-Larzac (Aveyron),<a href=\"https:\/\/www.midilibre.fr\/2025\/01\/27\/artere-femorale-perforee-tibia-dechiquete-main-recousue-dans-le-sud-aveyron-un-couple-attaque-par-un-sanglier-apeure-12472733.php\" target=\"_blank\" rel=\"noopener\"> J\u00e9r\u00e9my (24 ans) et L\u00e9a (22 ans) ont \u00e9t\u00e9 attaqu\u00e9s par un sanglier d\u2019environ 50\u00a0kg<\/a>. L\u2019animal, bless\u00e9 et pourchass\u00e9 par le chien du couple, a charg\u00e9 les deux jeunes gens. L\u00e9a a \u00e9t\u00e9 bless\u00e9e au tibia droit et \u00e0 la main avant de se r\u00e9fugier sur un muret. J\u00e9r\u00e9my a \u00e9t\u00e9 touch\u00e9 \u00e0 l\u2019aine. Le couple a \u00e9t\u00e9 hospitalis\u00e9 \u00e0 Millau. L\u00e9a a subi une op\u00e9ration avec douze points de suture au tibia. J\u00e9r\u00e9my a \u00e9t\u00e9 op\u00e9r\u00e9 d\u2019une perforation de 5 \u00e0 6\u00a0cm, n\u00e9cessitant six points de suture sur l\u2019art\u00e8re f\u00e9morale.<\/p>\n<p class=\"std-elt__inline\">\n        <strong>\u00c0 lire aussi :<\/strong><br \/>\n        <a href=\"https:\/\/www.midilibre.fr\/2025\/01\/27\/artere-femorale-perforee-tibia-dechiquete-main-recousue-dans-le-sud-aveyron-un-couple-attaque-par-un-sanglier-apeure-12472733.php\" target=\"_blank\" rel=\"noopener\">Art\u00e8re f\u00e9morale perfor\u00e9e, tibia d\u00e9chiquet\u00e9, main recousue\u00a0: dans le Sud-Aveyron, un couple attaqu\u00e9 par un sanglier apeur\u00e9<\/a>\n    <\/p>\n<p>Selon eux, l\u2019animal \u00e9tait\u00a0pourchass\u00e9 par des\u00a0chiens de chasse alors que la battue \u00e9tait d\u00e9clar\u00e9e \u00e0 11\u00a0km de l\u00e0. Le couple a d\u00e9cid\u00e9 de porter plainte contre la soci\u00e9t\u00e9 de chasse pour non-respect de la r\u00e9glementation, estimant que les chasseurs et leurs chiens n\u2019avaient pas \u00e0 se trouver dans ce village.<\/p>\n<p class=\"std-elt__inline\">\n        <strong>\u00c0 lire aussi :<\/strong><br \/>\n        <a href=\"https:\/\/www.midilibre.fr\/2025\/01\/28\/couple-attaque-par-un-sanglier-apeure-en-aucun-cas-ce-nest-un-accident-de-chasse-repond-la-federation-departementale-des-chasseurs-12475104.php\" target=\"_blank\" rel=\"noopener\">Couple attaqu\u00e9 par un sanglier apeur\u00e9\u00a0: \u00ab\u00a0En aucun cas ce n\u2019est un accident de chasse\u00a0\u00bb, r\u00e9pond la F\u00e9d\u00e9ration d\u00e9partementale des chasseurs<\/a>\n    <\/p>\n<p>    Et ailleurs dans le monde\u2026<\/p>\n<p>Lundi 20\u00a0janvier, Donald Trump est devenu officiellement le 47e pr\u00e9sident des \u00c9tats-Unis. Le R\u00e9publicain avait battu\u00a0sa rivale d\u00e9mocrate Kamala Harris lors de l\u2019\u00e9lection au mois de novembre dernier. Pour son investiture qui s\u2019est tenue \u00e0 Washington, plusieurs personnalit\u00e9s \u00e9taient pr\u00e9sentes\u00a0: un dirigeant de l\u2019AFD (parti d\u2019extr\u00eame droite allemand), les Fran\u00e7ais Eric Zemmour et Sarah Knafo, du parti Reconqu\u00eate, ainsi que Marion Mar\u00e9chal, \u00e9taient convi\u00e9s.<\/p>\n","protected":false},"excerpt":{"rendered":"En cette fin d\u2019ann\u00e9e 2025, Midi Libre vous propose de revenir sur les informations qui ont marqu\u00e9 l\u2019actualit\u00e9&hellip;\n","protected":false},"author":2,"featured_media":611588,"comment_status":"","ping_status":"","sticky":false,"template":"","format":"standard","meta":{"footnotes":""},"categories":[9599],"tags":[1111,11,1777,674,1011,27,2208,12,2680,71654,25],"class_list":{"0":"post-611587","1":"post","2":"type-post","3":"status-publish","4":"format-standard","5":"has-post-thumbnail","7":"category-montpellier","8":"tag-actu","9":"tag-actualites","10":"tag-eu","11":"tag-europe","12":"tag-fr","13":"tag-france","14":"tag-montpellier","15":"tag-news","16":"tag-occitanie","17":"tag-rendez-vous-de-la-ru00e9daction","18":"tag-republique-francaise"},"share_on_mastodon":{"url":"https:\/\/pubeurope.com\/@fr\/115751619609924074","error":""},"_links":{"self":[{"href":"https:\/\/www.europesays.com\/fr\/wp-json\/wp\/v2\/posts\/611587","targetHints":{"allow":["GET"]}}],"collection":[{"href":"https:\/\/www.europesays.com\/fr\/wp-json\/wp\/v2\/posts"}],"about":[{"href":"https:\/\/www.europesays.com\/fr\/wp-json\/wp\/v2\/types\/post"}],"author":[{"embeddable":true,"href":"https:\/\/www.europesays.com\/fr\/wp-json\/wp\/v2\/users\/2"}],"replies":[{"embeddable":true,"href":"https:\/\/www.europesays.com\/fr\/wp-json\/wp\/v2\/comments?post=611587"}],"version-history":[{"count":0,"href":"https:\/\/www.europesays.com\/fr\/wp-json\/wp\/v2\/posts\/611587\/revisions"}],"wp:featuredmedia":[{"embeddable":true,"href":"https:\/\/www.europesays.com\/fr\/wp-json\/wp\/v2\/media\/611588"}],"wp:attachment":[{"href":"https:\/\/www.europesays.com\/fr\/wp-json\/wp\/v2\/media?parent=611587"}],"wp:term":[{"taxonomy":"category","embeddable":true,"href":"https:\/\/www.europesays.com\/fr\/wp-json\/wp\/v2\/categories?post=611587"},{"taxonomy":"post_tag","embeddable":true,"href":"https:\/\/www.europesays.com\/fr\/wp-json\/wp\/v2\/tags?post=611587"}],"curies":[{"name":"wp","href":"https:\/\/api.w.org\/{rel}","templated":true}]}}