{"id":611589,"date":"2025-12-20T11:18:12","date_gmt":"2025-12-20T11:18:12","guid":{"rendered":"https:\/\/www.europesays.com\/fr\/611589\/"},"modified":"2025-12-20T11:18:12","modified_gmt":"2025-12-20T11:18:12","slug":"rouen-apres-sa-tumeur-au-cerveau-il-se-lance-dans-un-grand-projet-pour-les-producteurs-locaux","status":"publish","type":"post","link":"https:\/\/www.europesays.com\/fr\/611589\/","title":{"rendered":"Rouen. Apr\u00e8s sa tumeur au cerveau, il se lance dans un grand projet pour les producteurs locaux"},"content":{"rendered":"<p>                    Par<br \/>\n        <strong><br \/>\n            <a href=\"https:\/\/actu.fr\/auteur\/adrien-filoche\" title=\"Consulter tous les articles de Adrien Filoche\" target=\"_blank\" rel=\"noopener\">Adrien Filoche<\/a><br \/>\n                    <\/strong><\/p>\n<p>        Publi\u00e9 le<\/p>\n<p>            20 d\u00e9c. 2025 \u00e0 12h02        <\/p>\n<p>\u00ab\u2009Je ne voulais plus \u00eatre assis \u00e0 rien faire dans mon canap\u00e9. M\u00eame malade, je voulais continuer \u00e0 bouger, \u00e0 agir.\u2009\u00bb Habitant de l\u2019agglo de <a href=\"https:\/\/actu.fr\/normandie\/rouen_76540\" target=\"_blank\" rel=\"noopener\">Rouen<\/a>, <strong>Alexis Leroux<\/strong> a travaill\u00e9 toute sa vie dans la restauration, de barman \u00e0 serveur, \u00e0 cuisinier, \u00e0 animateur d\u2019ateliers cuisine. En 2018, il tombe malade et est op\u00e9r\u00e9 \u00e0 la suite <strong>d\u2019une tumeur d\u00e9couverte au cerveau.<\/strong> En situation d\u2019invalidit\u00e9, Alexis ne peut plus aujourd\u2019hui travailler comme avant. Malgr\u00e9 cette montagne \u00e0 surmonter, il n\u2019a pas baiss\u00e9 les bras et a voulu cr\u00e9er <strong>une application innovante baptis\u00e9e Producteur Direct. <\/strong>Le but\u2009: mieux informer les consommateurs et mettre en avant les produits locaux.<\/p>\n<p>Une application pour mieux informer les consommateurs<\/p>\n<p class=\" wall-content\">Cette application, encore en d\u00e9veloppement, a vocation \u00e0 <strong>r\u00e9f\u00e9rencer l\u2019ensemble des producteurs locaux autour de chez vous<\/strong>, leur lieu de production, ainsi que les points de vente, mais \u00e9galement les restaurants qui jouent le jeu du local.<\/p>\n<p class=\" wall-content\">Interrog\u00e9 par <a href=\"https:\/\/actu.fr\/76actu\/\" target=\"_blank\" rel=\"noopener\">76actu<\/a>, Alexis Leroux raconte la gen\u00e8se de sa r\u00e9flexion\u2009: \u00ab\u2009Il y a quelques ann\u00e9es, on est sorti avec ma femme pour aller <a href=\"https:\/\/actu.fr\/normandie\/authieux-ratieville_76038\/seine-maritime-ferme-authieux-cueillir-acheter-fruits-legumes_18359672.html\" target=\"_blank\" rel=\"noopener\">\u00e0 la ferme des Authieux<\/a>. Sur la route, on a vu une vente directe de lapins et de volailles et on a trouv\u00e9 dommage de ne pas avoir \u00e9t\u00e9 au courant\u2009\u00bb.<\/p>\n<p class=\" wall-content\">Depuis, il s\u2019est mis en t\u00eate l\u2019objectif de mieux informer les consommateurs sur les fa\u00e7ons de trouver des produits locaux. \u00ab\u2009On voit de plus en plus <a href=\"https:\/\/actu.fr\/normandie\/rouen_76540\/les-agriculteurs-en-colere-manifestent-a-rouen-la-circulation-fortement-ralentie-a-l-entree-de-ville_63595628.html\" target=\"_blank\" rel=\"noopener\">des agriculteurs en col\u00e8re<\/a> et des consommateurs qui veulent mieux manger. C\u2019est pour cela qu\u2019on a eu cette id\u00e9e\u2009\u00bb, explique-t-il.<\/p>\n<p>Une carte interactive pour trouver les produits locaux<\/p>\n<p class=\" wall-content\">Son id\u00e9e, qu\u2019il porte \u00e0 travers son association <strong>Producteurs Directs<\/strong>, a \u00e9volu\u00e9 au fil du temps. Alexis a ainsi imagin\u00e9 la cr\u00e9ation d\u2019une carte interactive, o\u00f9 l\u2019on retrouverait dans un rayon autour de chez soi les march\u00e9s, les producteurs locaux et leurs lieux de revente, mais aussi les Amap (associations pour le maintien d\u2019une agriculture paysanne). Il a aussi souhait\u00e9 ajouter un filtre pour mettre en avant les restaurateurs qui jouent le jeu du local.<\/p>\n<p>    <img   decoding=\"async\" loading=\"lazy\" src=\"https:\/\/www.europesays.com\/fr\/wp-content\/uploads\/2025\/12\/producteur-rouen-960x640.jpg\" alt=\"L'application, sous forme de carte interactive, est encore en cours de d\u00e9veloppement.\" width=\"960\" height=\"640\"\/><br \/>\n    L\u2019application, sous forme de carte interactive, est encore en cours de d\u00e9veloppement. (\u00a9capture d\u2019\u00e9cran\/application Producteurs Directs)<\/p>\n<p class=\" wall-content\">Sur l\u2019utilisation, Alexis explique qu\u2019un consommateur peut par exemple inscrire dans la barre de recherche \u00ab\u2009carotte\u2009\u00bb et \u00ab\u2009ainsi retrouver tous les producteurs locaux pr\u00e8s de chez vous qui vendent ce produit\u2009\u00bb, mais aussi les dates et horaires des fermes et des march\u00e9s, etc. En somme, <strong>toutes les informations pratiques.<\/strong><\/p>\n<p>Votre r\u00e9gion, votre actu !<\/p>\n<p>Recevez chaque jour les infos qui comptent pour vous.<\/p>\n<p>\t<a href=\"https:\/\/actu.fr\/newsletter\" class=\"ac-btn ac-btn--corner ac-btn--medium ac-btn--blue800\" target=\"_blank\" rel=\"noopener\">S&rsquo;incrire<\/a><br \/>\n\u00c0 la recherche de financements<\/p>\n<p class=\" wall-content\">Pour mettre \u00e0 bien son id\u00e9e, Alexis s\u2019est attach\u00e9 des services de Maxime, un jeune d\u00e9veloppeur d\u2019application embauch\u00e9 en alternance. \u00ab\u2009Pour l\u2019instant, l\u2019application est en cours de d\u00e9veloppement, <strong>en \u00e9tat de \u2018proof of concept\u2019<\/strong>\u2009\u00bb, explique Maxime. Une sorte de version z\u00e9ro qui permet de montrer la faisabilit\u00e9 du projet. Il est d\u2019ailleurs possible de la tester <a href=\"https:\/\/producteurs-directs.fr\" target=\"_blank\" rel=\"noopener\">ici<\/a>, m\u00eame si des bugs persistent tant que le d\u00e9ploiement n\u2019est pas finalis\u00e9.<\/p>\n<p class=\" wall-content\">Pour le moment, les producteurs sont ajout\u00e9s un par un, \u00e0 la main par Maxime et Alexis. \u00c0 terme, chaque producteur pourra se r\u00e9f\u00e9rencer directement en s\u2019inscrivant sur l\u2019application. Celle-ci sera gratuite pour les consommateurs et les producteurs, seuls les restaurateurs devront s\u2019acquitter d\u2019un abonnement (mensuel ou annuel).<\/p>\n<p class=\" wall-content\">Afin de financer le lancement de ce projet, Alexis a effectu\u00e9 plusieurs demandes de subventions aupr\u00e8s des collectivit\u00e9s (D\u00e9partement, M\u00e9tropole, Villes, etc.). <a href=\"https:\/\/www.payasso.fr\/producteur-direct\/don\" target=\"_blank\" rel=\"noopener\">Un appel aux dons<\/a> a \u00e9galement \u00e9t\u00e9 lanc\u00e9. Pour financer le d\u00e9veloppement finale de l\u2019application et assurer les charges d\u2019exploitation sur la premi\u00e8re ann\u00e9e, Alexis table sur une enveloppe de <strong>40\u2009000\u00a0euros.<\/strong><\/p>\n<p class=\" wall-content\">M\u00eame si Alexis a conscience que le chemin est encore long, \u00ab\u2009je tiens \u00e0 mon id\u00e9e et \u00e0 son c\u00f4t\u00e9 social et solidaire\u2009\u00bb, assure-t-il. Et d\u2019ajouter\u2009: \u00ab\u2009Notre objectif, c\u2019est de sortir l\u2019application en Seine-Maritime, puis l\u2019\u00e9tendre dans d\u2019autres d\u00e9partements, et pourquoi pas dans toute la France. Il faut avoir de l\u2019ambition\u2009! \u00bb.<\/p>\n<p>Suivez l\u2019actualit\u00e9 de Rouen sur <a href=\"https:\/\/www.whatsapp.com\/channel\/0029VaKfnf99hXF2ddApFB1D\" target=\"_blank\" rel=\"noopener\">notre cha\u00eene WhatsApp<\/a> et sur <a href=\"https:\/\/www.tiktok.com\/@76actu.fr?lang=fr\" target=\"_blank\" rel=\"noopener\">notre compte TikTok<\/a><\/p>\n<p class=\" wall-content\">Personnalisez votre actualit\u00e9 en ajoutant vos villes et m\u00e9dias en favori avec <a href=\"https:\/\/moncompte.actu.fr\" title=\"D\u00e9couvez Mon Actu\" rel=\"nofollow noopener\" data-trk=\"{&quot;cta&quot;:{&quot;action&quot;:&quot;https:\\\/\\\/moncompte.actu.fr&quot;,&quot;category&quot;:&quot;mon compte&quot;,&quot;from&quot;:&quot;article footer&quot;,&quot;name&quot;:&quot;Mon actu&quot;,&quot;type&quot;:&quot;cta&quot;}}\" target=\"_blank\">Mon Actu<\/a>.<\/p>\n<p>                    <script async src=\"\/\/www.tiktok.com\/embed.js\"><\/script><\/p>\n","protected":false},"excerpt":{"rendered":"Par Adrien Filoche Publi\u00e9 le 20 d\u00e9c. 2025 \u00e0 12h02 \u00ab\u2009Je ne voulais plus \u00eatre assis \u00e0 rien&hellip;\n","protected":false},"author":2,"featured_media":611590,"comment_status":"","ping_status":"","sticky":false,"template":"","format":"standard","meta":{"footnotes":""},"categories":[9587],"tags":[1111,11,258,1777,674,1011,27,5701,12,5161,52,25,9590],"class_list":{"0":"post-611589","1":"post","2":"type-post","3":"status-publish","4":"format-standard","5":"has-post-thumbnail","7":"category-rouen","8":"tag-actu","9":"tag-actualites","10":"tag-alimentation","11":"tag-eu","12":"tag-europe","13":"tag-fr","14":"tag-france","15":"tag-innovation","16":"tag-news","17":"tag-normandie","18":"tag-planete","19":"tag-republique-francaise","20":"tag-rouen"},"share_on_mastodon":{"url":"https:\/\/pubeurope.com\/@fr\/115751624606098836","error":""},"_links":{"self":[{"href":"https:\/\/www.europesays.com\/fr\/wp-json\/wp\/v2\/posts\/611589","targetHints":{"allow":["GET"]}}],"collection":[{"href":"https:\/\/www.europesays.com\/fr\/wp-json\/wp\/v2\/posts"}],"about":[{"href":"https:\/\/www.europesays.com\/fr\/wp-json\/wp\/v2\/types\/post"}],"author":[{"embeddable":true,"href":"https:\/\/www.europesays.com\/fr\/wp-json\/wp\/v2\/users\/2"}],"replies":[{"embeddable":true,"href":"https:\/\/www.europesays.com\/fr\/wp-json\/wp\/v2\/comments?post=611589"}],"version-history":[{"count":0,"href":"https:\/\/www.europesays.com\/fr\/wp-json\/wp\/v2\/posts\/611589\/revisions"}],"wp:featuredmedia":[{"embeddable":true,"href":"https:\/\/www.europesays.com\/fr\/wp-json\/wp\/v2\/media\/611590"}],"wp:attachment":[{"href":"https:\/\/www.europesays.com\/fr\/wp-json\/wp\/v2\/media?parent=611589"}],"wp:term":[{"taxonomy":"category","embeddable":true,"href":"https:\/\/www.europesays.com\/fr\/wp-json\/wp\/v2\/categories?post=611589"},{"taxonomy":"post_tag","embeddable":true,"href":"https:\/\/www.europesays.com\/fr\/wp-json\/wp\/v2\/tags?post=611589"}],"curies":[{"name":"wp","href":"https:\/\/api.w.org\/{rel}","templated":true}]}}