{"id":611591,"date":"2025-12-20T11:19:12","date_gmt":"2025-12-20T11:19:12","guid":{"rendered":"https:\/\/www.europesays.com\/fr\/611591\/"},"modified":"2025-12-20T11:19:12","modified_gmt":"2025-12-20T11:19:12","slug":"rouen-comme-lannee-derniere-le-so-ne-sera-pas-ouvert-pour-le-passage-a-la-nouvelle-annee","status":"publish","type":"post","link":"https:\/\/www.europesays.com\/fr\/611591\/","title":{"rendered":"Rouen. Comme l&rsquo;ann\u00e9e derni\u00e8re, \u00ab\u00a0Le So\u00a0\u00bb ne sera pas ouvert pour le passage \u00e0 la nouvelle ann\u00e9e"},"content":{"rendered":"<p melodystyle=\"texte\" data-end=\"245\">Ce n&rsquo;est pas la premi\u00e8re fois que \u00ab\u00a0Le So\u00a0\u00bb n&rsquo;ouvrira pas pour la nouvelle ann\u00e9e. L&rsquo;an dernier d\u00e9j\u00e0, l&rsquo;\u00e9tablissement faisait l&rsquo;objet d&rsquo;une fermeture administrative.<\/p>\n<p melodystyle=\"texte\" data-end=\"542\">Et aujourd&rsquo;hui, rebelote. Le juge des r\u00e9f\u00e9r\u00e9s a confirm\u00e9 la fermeture administrative du So Club, club-discoth\u00e8que situ\u00e9 sur les quais de Seine \u00e0 Rouen. L&rsquo;\u00e9tablissement devra rester ferm\u00e9 pendant deux mois, conform\u00e9ment \u00e0 l&rsquo;arr\u00eat\u00e9 pris le 16\u00a0d\u00e9cembre 2025 par le pr\u00e9fet de la Seine-Maritime.<\/p>\n<p>Une atteinte \u00e0 la libert\u00e9 d&rsquo;entreprendre\u00a0?<\/p>\n<p melodystyle=\"texte\" data-end=\"881\">La soci\u00e9t\u00e9 gestionnaire du So Club avait saisi la justice en r\u00e9f\u00e9r\u00e9-libert\u00e9, estimant que cette d\u00e9cision portait une atteinte grave et manifestement ill\u00e9gale \u00e0 la libert\u00e9 d&rsquo;entreprendre. Un recours rejet\u00e9 par le juge, qui a statu\u00e9 dans un d\u00e9lai de 48 heures.<\/p>\n<p>Des faits jug\u00e9s graves et non isol\u00e9s<\/p>\n<p melodystyle=\"texte\" data-end=\"1213\">Pour motiver la fermeture de l&rsquo;\u00e9tablissement, le pr\u00e9fet s&rsquo;est appuy\u00e9 sur les dispositions de l&rsquo;article L. 3332-15 du code de la sant\u00e9 publique, qui l&rsquo;autorise \u00e0 fermer un d\u00e9bit de boissons ou un restaurant en cas d&rsquo;atteinte \u00e0 l&rsquo;ordre public, \u00e0 la sant\u00e9 ou \u00e0 la tranquillit\u00e9 publique.<\/p>\n<p melodystyle=\"texte\" data-end=\"1569\">En l&rsquo;esp\u00e8ce, les autorit\u00e9s ont retenu un \u00e9v\u00e9nement survenu fin septembre\u00a02025. \u00ab\u00a0Vers 5h20 du matin, une mineure a \u00e9t\u00e9 retrouv\u00e9e par les forces de l&rsquo;ordre sur le parking du So Club\u00a0\u00bb, indique le tribunal administratif dans un communiqu\u00e9. \u00ab\u00a0Elle pr\u00e9sentait des signes d&rsquo;ivresse manifeste et a d\u00e9clar\u00e9 avoir consomm\u00e9 de la vodka \u00e0 l&rsquo;int\u00e9rieur de l&rsquo;\u00e9tablissement, avant d&rsquo;indiquer avoir \u00e9t\u00e9 victime d&rsquo;un viol\u00a0\u00bb. L&rsquo;exploitant du club a tent\u00e9 de remettre en cause l&rsquo;exactitude mat\u00e9rielle de ces faits. Mais le juge des r\u00e9f\u00e9r\u00e9s a estim\u00e9 que les \u00e9l\u00e9ments avanc\u00e9s \u00ab\u00a0n&rsquo;\u00e9taient pas suffisants\u00a0\u00bb, notamment au regard de d\u00e9clarations recueillies par la police en novembre\u00a02025 dans le cadre d&rsquo;une enqu\u00eate pour subornation de t\u00e9moin.<\/p>\n<p>Une mesure jug\u00e9e proportionn\u00e9e<\/p>\n<p melodystyle=\"texte\" data-end=\"2227\">Dans sa d\u00e9cision, le tribunal souligne que ces faits, non isol\u00e9s, constituent par leur nature de \u00ab\u00a0graves troubles \u00e0 l&rsquo;ordre public, directement li\u00e9s aux conditions d&rsquo;exploitation et \u00e0 la fr\u00e9quentation de l&rsquo;\u00e9tablissement\u00a0\u00bb. D\u00e8s lors, la fermeture pour une dur\u00e9e de deux mois n&rsquo;a pas \u00e9t\u00e9 jug\u00e9e excessive.<\/p>\n<p melodystyle=\"texte\" data-end=\"2415\">Le juge a conclu que la mesure ne portait pas une \u00ab\u00a0atteinte manifestement disproportionn\u00e9e aux libert\u00e9s du commerce et de l&rsquo;industrie, pourtant reconnues comme des libert\u00e9s fondamentales\u00a0\u00bb.<\/p>\n","protected":false},"excerpt":{"rendered":"Ce n&rsquo;est pas la premi\u00e8re fois que \u00ab\u00a0Le So\u00a0\u00bb n&rsquo;ouvrira pas pour la nouvelle ann\u00e9e. L&rsquo;an dernier d\u00e9j\u00e0,&hellip;\n","protected":false},"author":2,"featured_media":611592,"comment_status":"","ping_status":"","sticky":false,"template":"","format":"standard","meta":{"footnotes":""},"categories":[9587],"tags":[1111,11,1777,674,1011,27,12,5161,25,9590],"class_list":{"0":"post-611591","1":"post","2":"type-post","3":"status-publish","4":"format-standard","5":"has-post-thumbnail","7":"category-rouen","8":"tag-actu","9":"tag-actualites","10":"tag-eu","11":"tag-europe","12":"tag-fr","13":"tag-france","14":"tag-news","15":"tag-normandie","16":"tag-republique-francaise","17":"tag-rouen"},"share_on_mastodon":{"url":"https:\/\/pubeurope.com\/@fr\/115751627200162523","error":""},"_links":{"self":[{"href":"https:\/\/www.europesays.com\/fr\/wp-json\/wp\/v2\/posts\/611591","targetHints":{"allow":["GET"]}}],"collection":[{"href":"https:\/\/www.europesays.com\/fr\/wp-json\/wp\/v2\/posts"}],"about":[{"href":"https:\/\/www.europesays.com\/fr\/wp-json\/wp\/v2\/types\/post"}],"author":[{"embeddable":true,"href":"https:\/\/www.europesays.com\/fr\/wp-json\/wp\/v2\/users\/2"}],"replies":[{"embeddable":true,"href":"https:\/\/www.europesays.com\/fr\/wp-json\/wp\/v2\/comments?post=611591"}],"version-history":[{"count":0,"href":"https:\/\/www.europesays.com\/fr\/wp-json\/wp\/v2\/posts\/611591\/revisions"}],"wp:featuredmedia":[{"embeddable":true,"href":"https:\/\/www.europesays.com\/fr\/wp-json\/wp\/v2\/media\/611592"}],"wp:attachment":[{"href":"https:\/\/www.europesays.com\/fr\/wp-json\/wp\/v2\/media?parent=611591"}],"wp:term":[{"taxonomy":"category","embeddable":true,"href":"https:\/\/www.europesays.com\/fr\/wp-json\/wp\/v2\/categories?post=611591"},{"taxonomy":"post_tag","embeddable":true,"href":"https:\/\/www.europesays.com\/fr\/wp-json\/wp\/v2\/tags?post=611591"}],"curies":[{"name":"wp","href":"https:\/\/api.w.org\/{rel}","templated":true}]}}