{"id":611595,"date":"2025-12-20T11:23:32","date_gmt":"2025-12-20T11:23:32","guid":{"rendered":"https:\/\/www.europesays.com\/fr\/611595\/"},"modified":"2025-12-20T11:23:32","modified_gmt":"2025-12-20T11:23:32","slug":"grenoble-alpes-metropole-obtient-la-note-maximale-de-sp-global-ratings-2","status":"publish","type":"post","link":"https:\/\/www.europesays.com\/fr\/611595\/","title":{"rendered":"Grenoble Alpes M\u00e9tropole obtient la note maximale de S&#038;P Global Ratings"},"content":{"rendered":"<p itemprop=\"description\"><strong>Grenoble Alpes M\u00e9tropole vient d\u2019obtenir la notation financi\u00e8re A+\/A-1 de la part de l\u2019agence S&amp;P Global Ratings, soit la meilleure note possible, plafonn\u00e9e par celle de l\u2019\u00c9tat fran\u00e7ais.<\/strong><\/p>\n<p>L\u2019agence am\u00e9ricaine, l\u2019une des trois principales r\u00e9f\u00e9rences mondiales en mati\u00e8re d\u2019\u00e9valuation de la solvabilit\u00e9 financi\u00e8re, salue la solidit\u00e9 et la prudence de la gestion budg\u00e9taire de la collectivit\u00e9.<\/p>\n<p>Dans son analyse, S&amp;P met en avant une \u00ab\u00a0gestion financi\u00e8re solide et prudente\u00a0\u00bb, fond\u00e9e sur une ma\u00eetrise disciplin\u00e9e des co\u00fbts et une utilisation mesur\u00e9e des marges fiscales disponibles. Malgr\u00e9 un pic d\u2019investissements attendu \u00e0 partir de 2026, l\u2019agence estime que la M\u00e9tropole dispose de marges op\u00e9rationnelles suffisantes pour maintenir un niveau de dette jug\u00e9 soutenable.<\/p>\n<p>S&amp;P Global Ratings souligne \u00e9galement les marges de man\u0153uvre fiscales de la collectivit\u00e9, pr\u00e9cisant que les hausses d\u2019imp\u00f4ts d\u00e9cid\u00e9es jusqu\u2019\u00e0 pr\u00e9sent ont \u00e9t\u00e9 destin\u00e9es \u00e0 financer des investissements publics cibl\u00e9s, et non \u00e0 compenser une baisse des dotations de l\u2019\u00c9tat.<\/p>\n<p>Le profil financier de Grenoble Alpes M\u00e9tropole s\u2019appuie aussi sur un territoire attractif et \u00e9conomiquement dynamique. Situ\u00e9e au c\u0153ur de la r\u00e9gion Auvergne-Rh\u00f4ne-Alpes, la deuxi\u00e8me plus riche de France, la m\u00e9tropole b\u00e9n\u00e9ficie d\u2019un tissu \u00e9conomique diversifi\u00e9, notamment dans les technologies num\u00e9riques, la micro-\u00e9lectronique, l\u2019\u00e9nergie, l\u2019hydro\u00e9lectricit\u00e9, la sant\u00e9 et la cleantech. Le taux de ch\u00f4mage en Is\u00e8re, \u00e0 6,1% au deuxi\u00e8me trimestre 2025, reste inf\u00e9rieur aux moyennes r\u00e9gionale et nationale.<\/p>\n<p>Pour Rapha\u00ebl Guerrero, vice-pr\u00e9sident aux finances de Grenoble Alpes M\u00e9tropole, cette notation constitue \u00ab\u00a0une reconnaissance de la gestion rigoureuse que nous menons depuis maintenant dix ans\u00a0\u00bb, soulignant la capacit\u00e9 de la collectivit\u00e9 \u00e0 \u00ab\u00a0contenir ses d\u00e9penses de fonctionnement tout en poursuivant un niveau d\u2019investissement important et croissant, avec une gestion dynamique et prospective de la dette\u00a0\u00bb.<\/p>\n","protected":false},"excerpt":{"rendered":"Grenoble Alpes M\u00e9tropole vient d\u2019obtenir la notation financi\u00e8re A+\/A-1 de la part de l\u2019agence S&amp;P Global Ratings, soit&hellip;\n","protected":false},"author":2,"featured_media":611475,"comment_status":"","ping_status":"","sticky":false,"template":"","format":"standard","meta":{"footnotes":""},"categories":[9566],"tags":[1111,11,2813,2430,1109,251,1112,2811,1777,674,118,1011,27,21780,2731,14004,1922,1110,1114,108,12,316,25,2812,517,800],"class_list":{"0":"post-611595","1":"post","2":"type-post","3":"status-publish","4":"format-standard","5":"has-post-thumbnail","7":"category-grenoble","8":"tag-actu","9":"tag-actualites","10":"tag-article","11":"tag-auvergne-rhone-alpes","12":"tag-breves","13":"tag-culture","14":"tag-depeches","15":"tag-economique","16":"tag-eu","17":"tag-europe","18":"tag-faits-divers","19":"tag-fr","20":"tag-france","21":"tag-gf38","22":"tag-grenoble","23":"tag-grenoblemag","24":"tag-info","25":"tag-informations","26":"tag-infos","27":"tag-isere","28":"tag-news","29":"tag-politique","30":"tag-republique-francaise","31":"tag-sociale","32":"tag-sport","33":"tag-transports"},"share_on_mastodon":{"url":"https:\/\/pubeurope.com\/@fr\/115751642955084486","error":""},"_links":{"self":[{"href":"https:\/\/www.europesays.com\/fr\/wp-json\/wp\/v2\/posts\/611595","targetHints":{"allow":["GET"]}}],"collection":[{"href":"https:\/\/www.europesays.com\/fr\/wp-json\/wp\/v2\/posts"}],"about":[{"href":"https:\/\/www.europesays.com\/fr\/wp-json\/wp\/v2\/types\/post"}],"author":[{"embeddable":true,"href":"https:\/\/www.europesays.com\/fr\/wp-json\/wp\/v2\/users\/2"}],"replies":[{"embeddable":true,"href":"https:\/\/www.europesays.com\/fr\/wp-json\/wp\/v2\/comments?post=611595"}],"version-history":[{"count":0,"href":"https:\/\/www.europesays.com\/fr\/wp-json\/wp\/v2\/posts\/611595\/revisions"}],"wp:featuredmedia":[{"embeddable":true,"href":"https:\/\/www.europesays.com\/fr\/wp-json\/wp\/v2\/media\/611475"}],"wp:attachment":[{"href":"https:\/\/www.europesays.com\/fr\/wp-json\/wp\/v2\/media?parent=611595"}],"wp:term":[{"taxonomy":"category","embeddable":true,"href":"https:\/\/www.europesays.com\/fr\/wp-json\/wp\/v2\/categories?post=611595"},{"taxonomy":"post_tag","embeddable":true,"href":"https:\/\/www.europesays.com\/fr\/wp-json\/wp\/v2\/tags?post=611595"}],"curies":[{"name":"wp","href":"https:\/\/api.w.org\/{rel}","templated":true}]}}