{"id":611598,"date":"2025-12-20T11:26:15","date_gmt":"2025-12-20T11:26:15","guid":{"rendered":"https:\/\/www.europesays.com\/fr\/611598\/"},"modified":"2025-12-20T11:26:15","modified_gmt":"2025-12-20T11:26:15","slug":"ball-ligue-b-des-choses-se-debloquent-un-vbc-chalon-enivrant-surclasse-rennes-et-sort-de-la-zone-rouge","status":"publish","type":"post","link":"https:\/\/www.europesays.com\/fr\/611598\/","title":{"rendered":"ball &#8211; Ligue B. \u00ab\u00a0Des choses se d\u00e9bloquent\u00a0\u00bb, un VBC Chalon enivrant surclasse Rennes et sort de la zone rouge"},"content":{"rendered":"<p>Chalon &#8211; Rennes<\/p>\n<p>3-1<\/p>\n<p>Une ultime attaque de Wayan Barbier, un contre rennais manqu\u00e9 et c\u2019est toute une salle qui exulte. Chalon a remport\u00e9 son match de la peur et n\u2019est plus rel\u00e9gable. Mais \u00e0 l\u2019image de ce dernier point, Rennes ayant sauv\u00e9 trois balles de match, rien ne sera facile pour le VBCC dans sa saison de d\u00e9couverte de la Ligue B.<\/p>\n<p>\u00ab\u00a0Spirale n\u00e9gative\u00a0\u00bb<\/p>\n<p>Ce vendredi soir \u00e0 la Maison des sports, ce sont bien les Bretons qui entrent le mieux dans cette rencontre entre l\u2019avant-dernier et l\u2019ant\u00e9p\u00e9nulti\u00e8me du championnat. Et&#8230;<\/p>\n","protected":false},"excerpt":{"rendered":"Chalon &#8211; Rennes 3-1 Une ultime attaque de Wayan Barbier, un contre rennais manqu\u00e9 et c\u2019est toute une&hellip;\n","protected":false},"author":2,"featured_media":611599,"comment_status":"","ping_status":"","sticky":false,"template":"","format":"standard","meta":{"footnotes":""},"categories":[2821],"tags":[1111,11,829,11605,11606,11032,1777,674,107,1011,27,12,584,25,517,72271,1632],"class_list":{"0":"post-611598","1":"post","2":"type-post","3":"status-publish","4":"format-standard","5":"has-post-thumbnail","7":"category-rennes","8":"tag-actu","9":"tag-actualites","10":"tag-bretagne","11":"tag-chalon-sur-saone","12":"tag-chalon-ville","13":"tag-edition-chalon-sur-saone","14":"tag-eu","15":"tag-europe","16":"tag-fil-info","17":"tag-fr","18":"tag-france","19":"tag-news","20":"tag-rennes","21":"tag-republique-francaise","22":"tag-sport","23":"tag-vbc-chalon-sur-saone","24":"tag-volley-ball"},"share_on_mastodon":{"url":"https:\/\/pubeurope.com\/@fr\/115751655025539617","error":""},"_links":{"self":[{"href":"https:\/\/www.europesays.com\/fr\/wp-json\/wp\/v2\/posts\/611598","targetHints":{"allow":["GET"]}}],"collection":[{"href":"https:\/\/www.europesays.com\/fr\/wp-json\/wp\/v2\/posts"}],"about":[{"href":"https:\/\/www.europesays.com\/fr\/wp-json\/wp\/v2\/types\/post"}],"author":[{"embeddable":true,"href":"https:\/\/www.europesays.com\/fr\/wp-json\/wp\/v2\/users\/2"}],"replies":[{"embeddable":true,"href":"https:\/\/www.europesays.com\/fr\/wp-json\/wp\/v2\/comments?post=611598"}],"version-history":[{"count":0,"href":"https:\/\/www.europesays.com\/fr\/wp-json\/wp\/v2\/posts\/611598\/revisions"}],"wp:featuredmedia":[{"embeddable":true,"href":"https:\/\/www.europesays.com\/fr\/wp-json\/wp\/v2\/media\/611599"}],"wp:attachment":[{"href":"https:\/\/www.europesays.com\/fr\/wp-json\/wp\/v2\/media?parent=611598"}],"wp:term":[{"taxonomy":"category","embeddable":true,"href":"https:\/\/www.europesays.com\/fr\/wp-json\/wp\/v2\/categories?post=611598"},{"taxonomy":"post_tag","embeddable":true,"href":"https:\/\/www.europesays.com\/fr\/wp-json\/wp\/v2\/tags?post=611598"}],"curies":[{"name":"wp","href":"https:\/\/api.w.org\/{rel}","templated":true}]}}