{"id":61160,"date":"2025-04-29T06:45:09","date_gmt":"2025-04-29T06:45:09","guid":{"rendered":"https:\/\/www.europesays.com\/fr\/61160\/"},"modified":"2025-04-29T06:45:09","modified_gmt":"2025-04-29T06:45:09","slug":"le-richissime-ray-dalio-sonne-lalerte-lordre-monetaire-mondial-est-au-bord-de-la-rupture","status":"publish","type":"post","link":"https:\/\/www.europesays.com\/fr\/61160\/","title":{"rendered":"Le richissime Ray Dalio sonne l\u2019alerte\u00a0: \u00ab\u00a0L\u2019ordre mon\u00e9taire mondial est au bord de la rupture\u00a0\u00bb"},"content":{"rendered":"<p data-beyondwords-marker=\"b50cb3ba-60ce-44fb-b031-e6a029003fec\">Le dollar US en danger\u00a0? Bien que le<strong> <\/strong>milliardaire Ray Dalio ait r\u00e9cemment d\u00e9clar\u00e9 qu\u2019il <a href=\"https:\/\/journalducoin.com\/bitcoin\/bitcoin-ultime-refuge-ray-dalio-predit-crise-mondiale-pire-que-2008\/\" data-wpel-link=\"internal\" target=\"_self\" rel=\"follow noopener noreferrer\" class=\"plausible-event-name=Liens+internes\">pr\u00e9f\u00e9rait l\u2019or \u00e0 Bitcoin<\/a>, il reste tr\u00e8s inquiet pour l\u2019\u00e9conomie mondiale. Et plus particuli\u00e8rement pour celle des \u00c9tats-Unis, dont la monnaie fiduciaire \u2013 le dollar am\u00e9ricain \u2013 pourrait perdre son statut de monnaie de r\u00e9serve mondiale, selon lui.<\/p>\n<p><strong style=\"font-size: 18px\">Les points cl\u00e9s de cet article :<\/strong><\/p>\n<ul style=\"font-size: 18px\">\n<li>Ray Dalio a exprim\u00e9 son inqui\u00e9tude quant \u00e0 la possible perte du statut du dollar am\u00e9ricain comme monnaie de r\u00e9serve mondiale, en raison de la d\u00e9dollarisation croissante du commerce international.<\/li>\n<li>Il a averti que les tensions commerciales, notamment entre les \u00c9tats-Unis et la Chine, pourraient fracturer les ordres mon\u00e9taires et politiques mondiaux, rendant le r\u00f4le \u00e9conomique de l\u2019Am\u00e9rique de plus en plus insoutenable.<\/li>\n<\/ul>\n<p>La d\u00e9dollarisation du commerce international s\u2019acc\u00e9l\u00e8re<\/p>\n<p data-beyondwords-marker=\"7ee67601-9260-4177-bb39-b22e33fe0896\">Dans une r\u00e9cente <a href=\"https:\/\/x.com\/RayDalio\/status\/1916967796065423688\" target=\"_blank\" rel=\"noreferrer noopener nofollow\" data-wpel-link=\"external\">publication<\/a> sur X, <strong>Ray Dalio<\/strong> a fait part de ses inqui\u00e9tudes concernant l\u2019<strong>ordre mon\u00e9taire mondial<\/strong>. Selon lui, ce dernier serait \u00ab\u00a0<strong>au bord de la rupture<\/strong>\u00a0\u00bb, notamment \u00e0 cause de la guerre commerciale men\u00e9e par Donald Trump.<\/p>\n<p data-beyondwords-marker=\"9924899e-b092-4752-9c6f-a7de35859f9c\">Selon le milliardaire, les tensions commerciales entre les \u00c9tats-Unis et la Chine, mais aussi avec d\u2019autres pays, \u00ab\u00a0<strong>fracturent les ordres mon\u00e9taires, politiques et internationaux<\/strong>\u00a0\u00bb. Cela entra\u00eenerait une <strong>d\u00e9-globalisation<\/strong> et des d\u00e9s\u00e9quilibres commerciaux insoutenables.<\/p>\n<p data-beyondwords-marker=\"0e506972-8cef-4ebf-82d4-1498605914b3\">Ray Dalio explique ainsi que le r\u00f4le de l\u2019Am\u00e9rique en tant que <strong>plus grand consommateur<\/strong> de biens manufactur\u00e9s et <strong>plus grand \u00e9metteur de dettes<\/strong> devient de plus en plus insoutenable. L\u2019id\u00e9e que les partenaires commerciaux continueraient \u00e0 vendre aux \u00c9tats-Unis et \u00e0 recevoir des dollars serait \u00ab\u00a0une pens\u00e9e na\u00efve\u00a0\u00bb selon le milliardaire.<\/p>\n<blockquote data-beyondwords-marker=\"2f1aa1e2-c247-4e81-bd3e-cb744336f850\" class=\"wp-block-quote is-layout-flow wp-block-quote-is-layout-flow\">\n<p data-beyondwords-marker=\"f1af5998-0f59-474f-b84f-7a8940e87f59\"><strong>\u00ab\u00a0Il est na\u00eff de penser que les partenaires commerciaux de l\u2019Am\u00e9rique continueront \u00e0 vendre aux \u00c9tats-Unis et \u00e0 recevoir des dollars, et qu\u2019ils resteront d\u00e9pendants des \u00c9tats-Unis pour leur s\u00e9curit\u00e9.\u00a0\u00bb<\/strong><\/p>\n<p data-beyondwords-marker=\"f6da7c42-4884-44a1-80d6-bbbc972f4413\">Ray Dalio<\/p>\n<\/blockquote>\n<p>Bitcoin et l\u2019or comme solutions de secours\u00a0?<\/p>\n<p data-beyondwords-marker=\"9f94fe16-6eeb-4f62-a645-a39e633bec3d\">Bien qu\u2019il ne mentionne pas directement <a href=\"https:\/\/journalducoin.com\/bitcoin\/\" data-wpel-link=\"internal\" target=\"_self\" rel=\"follow noopener noreferrer\" class=\"plausible-event-name=Liens+internes\">Bitcoin<\/a> ou l\u2019or dans sa publication, Ray Dalio a d\u00e9j\u00e0 exprim\u00e9 son int\u00e9r\u00eat pour ces deux actifs comme <strong>r\u00e9serves de valeur<\/strong> en p\u00e9riode d\u2019incertitude \u00e9conomique.<\/p>\n<p data-beyondwords-marker=\"bef3c570-923a-40e5-8a91-da88d39837a7\">Dans une interview pr\u00e9c\u00e9dente, il avait m\u00eame d\u00e9clar\u00e9 que Bitcoin \u00e9tait une \u00ab\u00a0<strong>alternative int\u00e9ressante<\/strong>\u00a0\u00bb \u00e0 l\u2019or pour diversifier un portefeuille d\u2019investissement.<\/p>\n<p data-beyondwords-marker=\"c8ffa01d-cfd0-479e-93ae-27b7908e137f\">Ainsi, dans son message sur X, Ray Dalio appelle-t-il \u00e0 une <strong>action plus calme et plus coordonn\u00e9e<\/strong> de la part des \u00c9tats-Unis pour r\u00e9soudre ces d\u00e9s\u00e9quilibres commerciaux et devenir plus autosuffisants.<\/p>\n<p data-beyondwords-marker=\"c7f7d08d-cd09-419f-af2b-6e5324e3da23\">Il conseille \u00e9galement aux investisseurs et aux d\u00e9cideurs politiques de se concentrer sur ces \u00ab\u00a0<strong>grands changements fondamentaux<\/strong>\u00a0\u00bb dans l\u2019ordre mondial, plut\u00f4t que sur les mouvements quotidiens du march\u00e9 et les annonces politiques.<\/p>\n<p data-beyondwords-marker=\"b854d08a-db0d-42b3-9dcb-7015fa2ab34f\">M\u00eame si Ray Dalio n\u2019est pas encore totalement convaincu par Bitcoin, il reconnait que le roi des cryptos peut servir de <strong>diversification<\/strong> dans un portefeuille d\u2019investissement. En effet, il a r\u00e9cemment conseill\u00e9 de mettre <strong>5% de Bitcoin<\/strong> dans un portefeuille \u00e9quilibr\u00e9.<\/p>\n","protected":false},"excerpt":{"rendered":"Le dollar US en danger\u00a0? Bien que le milliardaire Ray Dalio ait r\u00e9cemment d\u00e9clar\u00e9 qu\u2019il pr\u00e9f\u00e9rait l\u2019or \u00e0&hellip;\n","protected":false},"author":2,"featured_media":61161,"comment_status":"","ping_status":"","sticky":false,"template":"","format":"standard","meta":{"footnotes":""},"categories":[1589],"tags":[11,73,2474,1866,2112,12,1864,1865,1863,308],"class_list":{"0":"post-61160","1":"post","2":"type-post","3":"status-publish","4":"format-standard","5":"has-post-thumbnail","7":"category-etats-unis","8":"tag-actualites","9":"tag-etats-unis","10":"tag-etats-unis-usa","11":"tag-etats-unis-damerique","12":"tag-marches-financiers","13":"tag-news","14":"tag-united-states","15":"tag-united-states-of-america","16":"tag-us","17":"tag-usa"},"share_on_mastodon":{"url":"https:\/\/pubeurope.com\/@fr\/114419906877194904","error":""},"_links":{"self":[{"href":"https:\/\/www.europesays.com\/fr\/wp-json\/wp\/v2\/posts\/61160","targetHints":{"allow":["GET"]}}],"collection":[{"href":"https:\/\/www.europesays.com\/fr\/wp-json\/wp\/v2\/posts"}],"about":[{"href":"https:\/\/www.europesays.com\/fr\/wp-json\/wp\/v2\/types\/post"}],"author":[{"embeddable":true,"href":"https:\/\/www.europesays.com\/fr\/wp-json\/wp\/v2\/users\/2"}],"replies":[{"embeddable":true,"href":"https:\/\/www.europesays.com\/fr\/wp-json\/wp\/v2\/comments?post=61160"}],"version-history":[{"count":0,"href":"https:\/\/www.europesays.com\/fr\/wp-json\/wp\/v2\/posts\/61160\/revisions"}],"wp:featuredmedia":[{"embeddable":true,"href":"https:\/\/www.europesays.com\/fr\/wp-json\/wp\/v2\/media\/61161"}],"wp:attachment":[{"href":"https:\/\/www.europesays.com\/fr\/wp-json\/wp\/v2\/media?parent=61160"}],"wp:term":[{"taxonomy":"category","embeddable":true,"href":"https:\/\/www.europesays.com\/fr\/wp-json\/wp\/v2\/categories?post=61160"},{"taxonomy":"post_tag","embeddable":true,"href":"https:\/\/www.europesays.com\/fr\/wp-json\/wp\/v2\/tags?post=61160"}],"curies":[{"name":"wp","href":"https:\/\/api.w.org\/{rel}","templated":true}]}}