{"id":611600,"date":"2025-12-20T11:27:15","date_gmt":"2025-12-20T11:27:15","guid":{"rendered":"https:\/\/www.europesays.com\/fr\/611600\/"},"modified":"2025-12-20T11:27:15","modified_gmt":"2025-12-20T11:27:15","slug":"strasbourg-municipales-2026-le-debrief-team-barseghian-rassemblement","status":"publish","type":"post","link":"https:\/\/www.europesays.com\/fr\/611600\/","title":{"rendered":"Strasbourg. Municipales 2026, le d\u00e9brief : team Barseghian, rassemblement\u00a0!"},"content":{"rendered":"<p>Rien de tout \u00e7a n\u2019inqui\u00e8te <a href=\"https:\/\/www.dna.fr\/p\/jeanne-barseghian\" target=\"_blank\" rel=\"noopener\">Jeanne Barseghian<\/a>. Les sondages en 2020 avaient \u00ab\u00a0tout faux\u00a0\u00bb. Trautmann est de droite, au mieux du centre \u2013 la candidate ne l\u2019a pas dit comme \u00e7a, mais c\u2019\u00e9tait l\u2019id\u00e9e. Et il est \u00ab\u00a0sain\u00a0\u00bb que les Insoumis clarifient leur pens\u00e9e sur des sujets locaux. Notamment parce que leur premi\u00e8re proposition sur le march\u00e9 de No\u00ebl payant le week-end a manifestement bien amus\u00e9 la maire.<\/p>\n<p>\u00c0 noter, la 8 e adjointe H\u00fclliya Turan n\u2019\u00e9tait pr\u00e9sente ni lundi pour la conf de presse des communistes, ni mercredi pour la photo de la team Barseghian. Elle \u00ab\u00a0n\u2019\u00e9tait pas disponible\u00a0\u00bb, nous assure-t-elle. Pour le cabinet de la maire c\u2019est un non-sujet, l\u2019essentiel \u00e9tait que le PCF soit repr\u00e9sent\u00e9. Vu la nature tumultueuse des relations entre la maire et l\u2019adjointe \u00e0 l\u2019\u00e9ducation, de l\u2019embrouille <a href=\"https:\/\/www.dna.fr\/economie\/2021\/11\/24\/la-presidence-de-la-locusem-en-sursis\" target=\"_blank\" rel=\"noopener\">autour de la Locusem<\/a> jusqu\u2019aux motions sur <a href=\"https:\/\/www.dna.fr\/politique\/2024\/05\/24\/motions-israel-gaza-un-numero-d-equilibriste-doublement-intenable\" target=\"_blank\" rel=\"noopener\">le Proche-Orient<\/a> , nous verrons si elle avait piscine ou si c\u2019est (d\u00e9j\u00e0) compliqu\u00e9.<\/p>\n<p>  Les citations de la semaine<\/p>\n<p>Passe d\u2019armes en deux temps ce vendredi 19\u00a0d\u00e9cembre lors du conseil m\u00e9tropolitain. <a href=\"https:\/\/www.dna.fr\/economie\/2025\/12\/19\/dernier-budget-du-mandat-la-dette-se-creuse-executif-et-opposition-reglent-leurs-comptes\" target=\"_blank\" rel=\"noopener\">Taclant un \u00ab\u00a0mandat de d\u00e9penses sans limite\u00a0\u00bb<\/a> , <a href=\"https:\/\/www.dna.fr\/p\/thibaud-philipps\" target=\"_blank\" rel=\"noopener\">Thibaud Philipps<\/a> pointe que les 28\u00a0millions d\u2019euros pay\u00e9s pour rembourser les int\u00e9r\u00eats de la dette (880\u00a0millions d\u2019euros \u00e0 ce jour) auraient pu financer \u00ab\u00a0deux ou trois piscines sur le territoire\u00a0\u00bb. R\u00e9ponse du tac au tac de Syamak Agha Babaei, vice-pr\u00e9sident en charge des finances, \u00ab\u00a0la seule r\u00e9fection de la piscine du Wacken c\u2019est 21\u00a0millions d\u2019euros, alors bon courage pour construire trois piscines\u00a0\u00bb.<\/p>\n<p>  L\u2019autre histoire de la semaine<\/p>\n<p>Le Mouvement d\u00e9mocrate (MoDem) a annonc\u00e9 ce mercredi 17\u00a0d\u00e9cembre \u00ab\u00a0son soutien au rassemblement centriste autour de <a href=\"https:\/\/www.dna.fr\/p\/pierre-jakubowicz\" target=\"_blank\" rel=\"noopener\">Pierre Jakubowicz<\/a>, pour faire gagner l\u2019alternance \u00e0 Strasbourg\u00a0\u00bb. Voil\u00e0 le champion du centre multi-investi Horizons-Renaissance-MoDem.<\/p>\n<p>  La candidature de t\u00e9moignage de la semaine<\/p>\n<p>\u00ab\u00a0Ce n\u2019est pas par les \u00e9lections que nos vies peuvent changer\u00a0\u00bb\u00a0: quand un communiqu\u00e9 d\u2019annonce de candidature embraye direct en mode \u00ab\u00a0\u00e7a sert \u00e0 rien, mais bon, quand m\u00eame\u00a0\u00bb, on sait o\u00f9 l\u2019on va. \u00c0 gauche toute\u00a0!<\/p>\n<p>Louise F\u00e8ve, cheminote, et Marc Baud-Berthier, enseignant en coll\u00e8ge, porteront donc en mars prochain \u00e0 Strasbourg les couleurs de Lutte ouvri\u00e8re avec en t\u00eate ce constat\u00a0: \u00ab\u00a0Le camp des travailleurs, c\u2019est le camp de celles et ceux qui font tourner la soci\u00e9t\u00e9, qui tentent de vivre de leur travail sans exploiter personne. Ce camp doit se faire entendre.\u00a0\u00bb<\/p>\n","protected":false},"excerpt":{"rendered":"Rien de tout \u00e7a n\u2019inqui\u00e8te Jeanne Barseghian. Les sondages en 2020 avaient \u00ab\u00a0tout faux\u00a0\u00bb. Trautmann est de droite,&hellip;\n","protected":false},"author":2,"featured_media":611601,"comment_status":"","ping_status":"","sticky":false,"template":"","format":"standard","meta":{"footnotes":""},"categories":[2820],"tags":[1111,11,1984,2880,1777,674,107,1011,27,775,3539,12,8387,3541,316,25,640,2879],"class_list":{"0":"post-611600","1":"post","2":"type-post","3":"status-publish","4":"format-standard","5":"has-post-thumbnail","7":"category-strasbourg","8":"tag-actu","9":"tag-actualites","10":"tag-conseil-municipal","11":"tag-edition-strasbourg","12":"tag-eu","13":"tag-europe","14":"tag-fil-info","15":"tag-fr","16":"tag-france","17":"tag-grand-est","18":"tag-les-ecologistes","19":"tag-news","20":"tag-parti-communiste","21":"tag-parti-socialiste","22":"tag-politique","23":"tag-republique-francaise","24":"tag-strasbourg","25":"tag-strasbourg-ville"},"share_on_mastodon":{"url":"https:\/\/pubeurope.com\/@fr\/115751658814927898","error":""},"_links":{"self":[{"href":"https:\/\/www.europesays.com\/fr\/wp-json\/wp\/v2\/posts\/611600","targetHints":{"allow":["GET"]}}],"collection":[{"href":"https:\/\/www.europesays.com\/fr\/wp-json\/wp\/v2\/posts"}],"about":[{"href":"https:\/\/www.europesays.com\/fr\/wp-json\/wp\/v2\/types\/post"}],"author":[{"embeddable":true,"href":"https:\/\/www.europesays.com\/fr\/wp-json\/wp\/v2\/users\/2"}],"replies":[{"embeddable":true,"href":"https:\/\/www.europesays.com\/fr\/wp-json\/wp\/v2\/comments?post=611600"}],"version-history":[{"count":0,"href":"https:\/\/www.europesays.com\/fr\/wp-json\/wp\/v2\/posts\/611600\/revisions"}],"wp:featuredmedia":[{"embeddable":true,"href":"https:\/\/www.europesays.com\/fr\/wp-json\/wp\/v2\/media\/611601"}],"wp:attachment":[{"href":"https:\/\/www.europesays.com\/fr\/wp-json\/wp\/v2\/media?parent=611600"}],"wp:term":[{"taxonomy":"category","embeddable":true,"href":"https:\/\/www.europesays.com\/fr\/wp-json\/wp\/v2\/categories?post=611600"},{"taxonomy":"post_tag","embeddable":true,"href":"https:\/\/www.europesays.com\/fr\/wp-json\/wp\/v2\/tags?post=611600"}],"curies":[{"name":"wp","href":"https:\/\/api.w.org\/{rel}","templated":true}]}}