{"id":611604,"date":"2025-12-20T11:30:20","date_gmt":"2025-12-20T11:30:20","guid":{"rendered":"https:\/\/www.europesays.com\/fr\/611604\/"},"modified":"2025-12-20T11:30:20","modified_gmt":"2025-12-20T11:30:20","slug":"des-commercants-reclament-des-terrasses-sur-le-port-de-nice","status":"publish","type":"post","link":"https:\/\/www.europesays.com\/fr\/611604\/","title":{"rendered":"des commer\u00e7ants r\u00e9clament des terrasses sur le port de Nice"},"content":{"rendered":"<p class=\"fs-5 \">\u00c7a tangue, au port de Nice. Des restaurateurs et des habitants du Quai des Docks veulent faire entendre une voix diff\u00e9rente de celle de l\u2019Union maritime 06. Cette derni\u00e8re, membre du conseil portuaire, s\u2019\u00e9l\u00e8ve contre les derni\u00e8res mesures vot\u00e9es par la M\u00e9tropole Nice C\u00f4te d\u2019Azur, propri\u00e9taire et gestionnaire du port. Notamment contre sur la taxe dite \u00ab environnementale \u00bb dont l\u2019UM 06 conteste la l\u00e9galit\u00e9 mais aussi contre le projet d\u2019implantation de terrasses de restaurants sur le quai des Deux-Emmanuels, \u00ab qui empi\u00e8te sur les voies de circulation et compromet les acc\u00e8s op\u00e9rationnels au port de commerce \u00bb.<\/p>\n<p>                                                                                \u00ab Pas le port des cimentiers et des grands navires \u00bb<\/p>\n<p class=\"fs-5 \">\u00ab Le port de Nice n\u2019est pas que celui des cimentiers et des grands navires \u00bb, s\u2019insurgent quelques restaurateurs, dont Arto Vivo, Le Caf\u00e9 du cycliste et Chez Clara, ou encore Port avenir, l\u2019association des commer\u00e7ants, restaurateurs et riverains. Ils estiment que les terrasses propos\u00e9es par le maire de Nice ne sont pas dangereuses. \u00ab Ce qui est dangereux, c\u2019est la situation actuelle de ce quai o\u00f9 r\u00e8gne l\u2019anarchie dans le stationnement des camions, et leur vitesse excessive au milieu des pi\u00e9tons et des v\u00e9los \u00bb, d\u00e9noncent-ils dans un communiqu\u00e9.<\/p>\n<p>        <img src=\"https:\/\/www.europesays.com\/fr\/wp-content\/uploads\/2025\/12\/1765355444_755_fc16fa1_upload-from-url-1-t14zj1xupzce-data-art-16723813.jpg\"   loading=\"lazy\" decoding=\"async\" alt=\"Le port de Nice, octobre. La M\u00e9tropole vient de voter une nouvelle grille tarifaire pour les navires, sur la base du \u00ab polleur-payeur \u00bb. \" class=\"img-fluid position-absolute w-100 object-fit-cover rounded-2\" width=\"600\" height=\"400\"\/><\/p>\n<p class=\"fs-5 \">Alors, ils proposent la mise en place d\u2019une zone dite \u00ab de rencontre comme celle de Mouans-Sartoux, limitant \u00e0 20 km\/h la vitesse et donnant la priorit\u00e9 aux pi\u00e9tons. C\u2019est la seule solution pour s\u00e9curiser ce quai avec notamment la r\u00e9duction de 3 \u00e0 2 voies de circulation qui emp\u00eachera de surcro\u00eet les doubles files anarchiques des camions, voitures et motos \u00bb. Et de rappeler que \u00ab lors de l\u2019enqu\u00eate publique men\u00e9e par la mission Port en 2023, la majorit\u00e9 des habitants du bassin Lympia souhaitait, en priorit\u00e9, des terrasses en bordure de quai et une pi\u00e9tonnisation et plus d\u2019animations \u00bb. Ils concluent : \u00ab Les propositions du maire r\u00e9pondent donc aux attentes des habitants et des restaurateurs \u00bb.<\/p>\n<p>                                                                                Un projet de&#8230; 2022<\/p>\n<p class=\"fs-5 \">Christian Estrosi, candidat \u00e0 sa r\u00e9\u00e9lection en mars prochain, a ressorti, en novembre dernier, son projet &#8211; enterr\u00e9 &#8211; pour le port qui avait \u00e9t\u00e9 pr\u00e9sent\u00e9 en&#8230;2022 et qui devait se terminer \u00e0 la fin de cette ann\u00e9e, avec notamment le r\u00e9am\u00e9nagement et le verdissement de la place \u00cele-de-Beaut\u00e9.<\/p>\n","protected":false},"excerpt":{"rendered":"\u00c7a tangue, au port de Nice. Des restaurateurs et des habitants du Quai des Docks veulent faire entendre&hellip;\n","protected":false},"author":2,"featured_media":611605,"comment_status":"","ping_status":"","sticky":false,"template":"","format":"standard","meta":{"footnotes":""},"categories":[2819],"tags":[1111,11,1777,674,1011,27,12,2401,882,25],"class_list":{"0":"post-611604","1":"post","2":"type-post","3":"status-publish","4":"format-standard","5":"has-post-thumbnail","7":"category-nice","8":"tag-actu","9":"tag-actualites","10":"tag-eu","11":"tag-europe","12":"tag-fr","13":"tag-france","14":"tag-news","15":"tag-nice","16":"tag-provence-alpes-cote-dazur","17":"tag-republique-francaise"},"share_on_mastodon":{"url":"https:\/\/pubeurope.com\/@fr\/115751671357114117","error":""},"_links":{"self":[{"href":"https:\/\/www.europesays.com\/fr\/wp-json\/wp\/v2\/posts\/611604","targetHints":{"allow":["GET"]}}],"collection":[{"href":"https:\/\/www.europesays.com\/fr\/wp-json\/wp\/v2\/posts"}],"about":[{"href":"https:\/\/www.europesays.com\/fr\/wp-json\/wp\/v2\/types\/post"}],"author":[{"embeddable":true,"href":"https:\/\/www.europesays.com\/fr\/wp-json\/wp\/v2\/users\/2"}],"replies":[{"embeddable":true,"href":"https:\/\/www.europesays.com\/fr\/wp-json\/wp\/v2\/comments?post=611604"}],"version-history":[{"count":0,"href":"https:\/\/www.europesays.com\/fr\/wp-json\/wp\/v2\/posts\/611604\/revisions"}],"wp:featuredmedia":[{"embeddable":true,"href":"https:\/\/www.europesays.com\/fr\/wp-json\/wp\/v2\/media\/611605"}],"wp:attachment":[{"href":"https:\/\/www.europesays.com\/fr\/wp-json\/wp\/v2\/media?parent=611604"}],"wp:term":[{"taxonomy":"category","embeddable":true,"href":"https:\/\/www.europesays.com\/fr\/wp-json\/wp\/v2\/categories?post=611604"},{"taxonomy":"post_tag","embeddable":true,"href":"https:\/\/www.europesays.com\/fr\/wp-json\/wp\/v2\/tags?post=611604"}],"curies":[{"name":"wp","href":"https:\/\/api.w.org\/{rel}","templated":true}]}}