{"id":611606,"date":"2025-12-20T11:31:18","date_gmt":"2025-12-20T11:31:18","guid":{"rendered":"https:\/\/www.europesays.com\/fr\/611606\/"},"modified":"2025-12-20T11:31:18","modified_gmt":"2025-12-20T11:31:18","slug":"football-faire-tourner-ou-aligner-la-meilleure-equipe-possible-avant-nice-asse-composez-votre-onze-de-depart","status":"publish","type":"post","link":"https:\/\/www.europesays.com\/fr\/611606\/","title":{"rendered":"Football. Faire tourner ou aligner la meilleure \u00e9quipe\u202fpossible ? Avant Nice-ASSE, composez votre onze de d\u00e9part"},"content":{"rendered":"<p>La route de la Coupe de France s&rsquo;\u00e9l\u00e8ve subitement pour l&rsquo;AS Saint-\u00c9tienne. Apr\u00e8s deux matchs tranquilles face \u00e0 des formations de niveau r\u00e9gional, l&rsquo;AS Quetigny (R1), battue 3-1, et <a href=\"https:\/\/www.leprogres.fr\/sport\/2025\/11\/29\/memorable-jusqu-au-bout\" target=\"_blank\" rel=\"noopener\">le voisin lig\u00e9rien d&rsquo;\u00c9cotay-Moingt (R3), \u00e9parpill\u00e9 11-1 \u00e0 Geoffroy-Guichard<\/a>, les Verts ont un 32e de finale d\u00e9licat \u00e0 n\u00e9gocier, sur la pelouse de l&rsquo;OGC Nice, pensionnaire de Ligue 1.<\/p>\n<p>Quelle sera la strat\u00e9gie choisie par <a href=\"https:\/\/www.leprogres.fr\/p\/eirik-horneland\" target=\"_blank\" rel=\"noopener\">Eirik Horneland<\/a> au moment de composer son onze de d\u00e9part ? Lors des deux tours pr\u00e9c\u00e9dents, la faiblesse de l&rsquo;opposition avait permis \u00e0 l&rsquo;entra\u00eeneur st\u00e9phanois de proc\u00e9der \u00e0 un turnover cons\u00e9quent, et de nombreux jeunes en avaient profit\u00e9 pour se montrer.<\/p>\n<p>G\u00e9rer les temps de jeu ou aligner la meilleure \u00e9quipe possible\u00a0?<\/p>\n<p>Si l&rsquo;on consid\u00e8re que la priorit\u00e9 des Verts cette saison est le championnat, ce m\u00eame raisonnement pourrait \u00eatre reconduit sur la C\u00f4te d&rsquo;Azur, avec du temps de jeu accord\u00e9 \u00e0 des jeunes joueurs. Mais si l&rsquo;on estime que la Coupe de France est un objectif int\u00e9ressant pour l&rsquo;ASSE, c&rsquo;est bien la meilleure \u00e9quipe possible qui pourrait \u00eatre align\u00e9e. D&rsquo;autant que Nice, en pleine crise et restant sur neuf d\u00e9faites de suite, n&rsquo;est pas le plus inabordable des adversaires.<\/p>\n","protected":false},"excerpt":{"rendered":"La route de la Coupe de France s&rsquo;\u00e9l\u00e8ve subitement pour l&rsquo;AS Saint-\u00c9tienne. Apr\u00e8s deux matchs tranquilles face \u00e0&hellip;\n","protected":false},"author":2,"featured_media":611607,"comment_status":"","ping_status":"","sticky":false,"template":"","format":"standard","meta":{"footnotes":""},"categories":[2819],"tags":[1111,11,4000,15922,7539,1777,674,107,63,1011,27,4002,3367,12,2401,882,25,4001,7538,517],"class_list":{"0":"post-611606","1":"post","2":"type-post","3":"status-publish","4":"format-standard","5":"has-post-thumbnail","7":"category-nice","8":"tag-actu","9":"tag-actualites","10":"tag-asse-as-saint-etienne-football","11":"tag-coupe-de-france-de-football","12":"tag-edition-loire-sud","13":"tag-eu","14":"tag-europe","15":"tag-fil-info","16":"tag-football","17":"tag-fr","18":"tag-france","19":"tag-haute-loire","20":"tag-loire","21":"tag-news","22":"tag-nice","23":"tag-provence-alpes-cote-dazur","24":"tag-republique-francaise","25":"tag-saint-etienne","26":"tag-saint-etienne-ville","27":"tag-sport"},"share_on_mastodon":{"url":"https:\/\/pubeurope.com\/@fr\/115751674576227241","error":""},"_links":{"self":[{"href":"https:\/\/www.europesays.com\/fr\/wp-json\/wp\/v2\/posts\/611606","targetHints":{"allow":["GET"]}}],"collection":[{"href":"https:\/\/www.europesays.com\/fr\/wp-json\/wp\/v2\/posts"}],"about":[{"href":"https:\/\/www.europesays.com\/fr\/wp-json\/wp\/v2\/types\/post"}],"author":[{"embeddable":true,"href":"https:\/\/www.europesays.com\/fr\/wp-json\/wp\/v2\/users\/2"}],"replies":[{"embeddable":true,"href":"https:\/\/www.europesays.com\/fr\/wp-json\/wp\/v2\/comments?post=611606"}],"version-history":[{"count":0,"href":"https:\/\/www.europesays.com\/fr\/wp-json\/wp\/v2\/posts\/611606\/revisions"}],"wp:featuredmedia":[{"embeddable":true,"href":"https:\/\/www.europesays.com\/fr\/wp-json\/wp\/v2\/media\/611607"}],"wp:attachment":[{"href":"https:\/\/www.europesays.com\/fr\/wp-json\/wp\/v2\/media?parent=611606"}],"wp:term":[{"taxonomy":"category","embeddable":true,"href":"https:\/\/www.europesays.com\/fr\/wp-json\/wp\/v2\/categories?post=611606"},{"taxonomy":"post_tag","embeddable":true,"href":"https:\/\/www.europesays.com\/fr\/wp-json\/wp\/v2\/tags?post=611606"}],"curies":[{"name":"wp","href":"https:\/\/api.w.org\/{rel}","templated":true}]}}