{"id":611610,"date":"2025-12-20T11:33:23","date_gmt":"2025-12-20T11:33:23","guid":{"rendered":"https:\/\/www.europesays.com\/fr\/611610\/"},"modified":"2025-12-20T11:33:23","modified_gmt":"2025-12-20T11:33:23","slug":"une-nouvelle-liaison-vers-le-quebec-va-ouvrir","status":"publish","type":"post","link":"https:\/\/www.europesays.com\/fr\/611610\/","title":{"rendered":"une nouvelle liaison vers le Qu\u00e9bec va ouvrir"},"content":{"rendered":"<p>                    Par<br \/>\n        <strong><br \/>\n            <a href=\"https:\/\/actu.fr\/auteur\/laure-gentil\" title=\"Consulter tous les articles de Laure Gentil\" target=\"_blank\" rel=\"noopener\">Laure Gentil<\/a><br \/>\n                    <\/strong><\/p>\n<p>        Publi\u00e9 le<\/p>\n<p>            20 d\u00e9c. 2025 \u00e0 11h36        <\/p>\n<p><b>Air Transat <\/b>\u00ab\u00a0poursuit son importante strat\u00e9gie de d\u00e9veloppement vers Qu\u00e9bec (YQB)\u00a0\u00bb avec le lancement d\u2019une<b>\u00a0nouvelle liaison sans escale au d\u00e9part de Nantes (NTE)\u00a0<\/b>pour l\u2019\u00e9t\u00e9 2026. \u00ab\u00a0La ville de Qu\u00e9bec occupe une place toute particuli\u00e8re dans l\u2019histoire et l\u2019identit\u00e9 d\u2019Air Transat. Les ajouts annonc\u00e9s cette ann\u00e9e au d\u00e9part de l\u2019a\u00e9roport Jean-Lesage s\u2019inscrivent dans notre volont\u00e9 d\u2019investir de fa\u00e7on r\u00e9fl\u00e9chie l\u00e0 o\u00f9 la demande des Qu\u00e9b\u00e9coises et des Qu\u00e9b\u00e9cois est bien pr\u00e9sente\u00a0\u00bb, explique Sebastian Ponce, chef de la direction des revenus chez Transat.<\/p>\n<p>Un vol par semaine<\/p>\n<p class=\" wall-content\">Cette route sera op\u00e9r\u00e9e <b>en Airbus A321LR<\/b>, \u00e0 raison d\u2019un vol par semaine le mardi,<b> du 2 juin au 20 octobre 2026.<\/b><\/p>\n<p class=\" wall-content\">Personnalisez votre actualit\u00e9 en ajoutant vos villes et m\u00e9dias en favori avec <a href=\"https:\/\/moncompte.actu.fr\" title=\"D\u00e9couvez Mon Actu\" rel=\"nofollow noopener\" data-trk=\"{&quot;cta&quot;:{&quot;action&quot;:&quot;https:\\\/\\\/moncompte.actu.fr&quot;,&quot;category&quot;:&quot;mon compte&quot;,&quot;from&quot;:&quot;article footer&quot;,&quot;name&quot;:&quot;Mon actu&quot;,&quot;type&quot;:&quot;cta&quot;}}\" target=\"_blank\">Mon Actu<\/a>.<\/p>\n","protected":false},"excerpt":{"rendered":"Par Laure Gentil Publi\u00e9 le 20 d\u00e9c. 2025 \u00e0 11h36 Air Transat \u00ab\u00a0poursuit son importante strat\u00e9gie de d\u00e9veloppement&hellip;\n","protected":false},"author":2,"featured_media":611611,"comment_status":"","ping_status":"","sticky":false,"template":"","format":"standard","meta":{"footnotes":""},"categories":[2818],"tags":[1111,11,754,1777,674,1011,27,1305,766,755,12,2636,25,586],"class_list":{"0":"post-611610","1":"post","2":"type-post","3":"status-publish","4":"format-standard","5":"has-post-thumbnail","7":"category-nantes","8":"tag-actu","9":"tag-actualites","10":"tag-aeroport-de-nantes","11":"tag-eu","12":"tag-europe","13":"tag-fr","14":"tag-france","15":"tag-lifestyle","16":"tag-nantes","17":"tag-nantes-atlantique-aeroport","18":"tag-news","19":"tag-pays-de-la-loire","20":"tag-republique-francaise","21":"tag-voyage"},"share_on_mastodon":{"url":"https:\/\/pubeurope.com\/@fr\/115751682354333715","error":""},"_links":{"self":[{"href":"https:\/\/www.europesays.com\/fr\/wp-json\/wp\/v2\/posts\/611610","targetHints":{"allow":["GET"]}}],"collection":[{"href":"https:\/\/www.europesays.com\/fr\/wp-json\/wp\/v2\/posts"}],"about":[{"href":"https:\/\/www.europesays.com\/fr\/wp-json\/wp\/v2\/types\/post"}],"author":[{"embeddable":true,"href":"https:\/\/www.europesays.com\/fr\/wp-json\/wp\/v2\/users\/2"}],"replies":[{"embeddable":true,"href":"https:\/\/www.europesays.com\/fr\/wp-json\/wp\/v2\/comments?post=611610"}],"version-history":[{"count":0,"href":"https:\/\/www.europesays.com\/fr\/wp-json\/wp\/v2\/posts\/611610\/revisions"}],"wp:featuredmedia":[{"embeddable":true,"href":"https:\/\/www.europesays.com\/fr\/wp-json\/wp\/v2\/media\/611611"}],"wp:attachment":[{"href":"https:\/\/www.europesays.com\/fr\/wp-json\/wp\/v2\/media?parent=611610"}],"wp:term":[{"taxonomy":"category","embeddable":true,"href":"https:\/\/www.europesays.com\/fr\/wp-json\/wp\/v2\/categories?post=611610"},{"taxonomy":"post_tag","embeddable":true,"href":"https:\/\/www.europesays.com\/fr\/wp-json\/wp\/v2\/tags?post=611610"}],"curies":[{"name":"wp","href":"https:\/\/api.w.org\/{rel}","templated":true}]}}