{"id":611625,"date":"2025-12-20T11:41:15","date_gmt":"2025-12-20T11:41:15","guid":{"rendered":"https:\/\/www.europesays.com\/fr\/611625\/"},"modified":"2025-12-20T11:41:15","modified_gmt":"2025-12-20T11:41:15","slug":"nationale-1-masculine-fos-provence-retrouve-le-palais-des-sports-a-loccasion-de-ses-marseille-basket-series","status":"publish","type":"post","link":"https:\/\/www.europesays.com\/fr\/611625\/","title":{"rendered":"Nationale 1 masculine\u00a0: Fos Provence retrouve le Palais des Sports \u00e0 l&rsquo;occasion de ses \u00ab\u00a0Marseille Basket Series\u00a0\u00bb"},"content":{"rendered":"<p>La rel\u00e9gation en Nationale 1 masculine n\u2019a rien chang\u00e9 ou presque. Fos Provence a gard\u00e9 ses bonnes habitudes, celles de s\u2019inviter au Palais des Sports de Marseille pour proposer des affiches de basket professionnel. Ce samedi donc, Fos (3e) d\u00e9fiera Saint-Vallier (8e) pour l\u2019acte\u00a0I des Marseille Basket Series. Une ou deux autres rencontres suivront, une fois que les calendriers de la phase II et des play-offs \u00e9ventuels seront connus.<\/p>\n<p>Premi\u00e8re bonne nouvelle pour<a href=\"https:\/\/www.laprovence.com\/article\/sports\/2316542745511514\/basket-n1-ancien-joueur-et-entraineur-fils-du-fondateur-du-club-remi-giuitta-devient-president-de-fos-provence\" target=\"_blank\" rel=\"noopener\"> le pr\u00e9sident R\u00e9mi Giuitta<\/a>, le public a r\u00e9pondu pr\u00e9sent. \u00ab\u00a0La salle s\u2019annonce tr\u00e8s bien remplie, appr\u00e9cie-t-il. \u00c7a\u00a0prouve que les gens prennent du plaisir \u00e0 venir m\u00eame si on pr\u00e9f\u00e9rerait tous que cela soit de la Pro B ou de la Betclic.\u00a0\u00bb<\/p>\n<p>Le programme perdure dans le temps puisque Fos Provence d\u00e9localise ses rencontres depuis 12\u00a0ans. Une opportunit\u00e9 \u00e9galement d\u2019\u00eatre toujours bien visible dans le paysage marseillais. \u00ab\u00a0\u00c7a nous tient \u00e0 c\u0153ur car on touche un public diff\u00e9rent, plein de gamins des centres sociaux marseillais qui n\u2019ont pas l\u2019occasion de voir du basket professionnel. On va faire un vrai show\u00a0\u00bb, certifie R\u00e9mi Giuitta qui prend go\u00fbt \u00e0 un nouveau r\u00f4le dans le club foss\u00e9en apr\u00e8s 20 saisons de coaching.<\/p>\n<p>\u00ab\u00a0Nous vivions \u00e0 flux tendus depuis trop d\u2019ann\u00e9es\u00a0\u00bb<\/p>\n<p>Une autre facette de la vie d\u2019un club, d\u2019autres responsabilit\u00e9s aussi. \u00ab\u00a0J\u2019esp\u00e9rais que cela soit un peu moins lourd comme reprise pour plein de raisons financi\u00e8res, organisationnelles. Il y a eu beaucoup de travail pour remettre de l\u2019ordre et remettre \u00e0 flot nos finances. Il faut dire que la NM1 nous a bien aid\u00e9s car nous vivions \u00e0 flux tendus depuis trop d\u2019ann\u00e9es.\u00a0\u00bb<\/p>\n<p>Une masse salariale moindre, pas de pertes de sponsorings priv\u00e9s qui ont \u00e9videmment permis au club foss\u00e9en de retrouver des couleurs. \u00ab\u00a0Juste de collectivit\u00e9s en dehors de Fos. Mais c\u2019est comme \u00e7a, c\u2019est le jeu. Nous restons un tr\u00e8s gros budget de la division. \u00c7a nous permet d\u2019avoir un second souffle, dans l\u2019organisation. J\u2019esp\u00e9rais que tout soit boucl\u00e9 fin octobre pour me mettre pleinement sur la construction de projets et de d\u00e9veloppement. Chose que je n\u2019ai pas pu faire.\u00a0\u00bb<\/p>\n<p>D\u00e9j\u00e0 trois d\u00e9faites lors de la phase retour<\/p>\n<p>Cela devrait pouvoir s\u2019acc\u00e9l\u00e9rer en\u00a02026 aux c\u00f4t\u00e9s du \u00ab\u00a0board\u00a0\u00bb construit en d\u00e9but de saison, au moment de l\u2019officialisation de R\u00e9mi Giuitta \u00e0 la t\u00eate de la SAS du club foss\u00e9en. \u00ab\u00a0Pour l\u2019instant, ma pr\u00e9occupation \u00e9tait de remettre le club \u00e0 l\u2019\u00e9quilibre \u00e0 tous les niveaux, de reconstruire dans une dynamique de rebond comme nous avons d\u00e9nomm\u00e9 la saison.\u00a0\u00bb<\/p>\n<p>Il faudrait aussi pour cela que les r\u00e9sultats suivent. <a href=\"https:\/\/www.laprovence.com\/article\/sports\/62343389992745\/basket-nationale-1-masculine-vainqueur-de-son-rival-havrais-fos-provence-devient-un-fringant-leader\" target=\"_blank\" rel=\"noopener\">Ce fut presque parfait lors de la phase aller<\/a> conclue avec seulement deux d\u00e9faites et des victoires pr\u00e9cieuses face aux autres cadors de la poule (Orchies, Mulhouse, Le\u00a0Havre\u2026).<\/p>\n<p>Cela a beaucoup moins bien repris lors de la phase retour avec trois revers en trois matches, le dernier en date, <a href=\"https:\/\/www.laprovence.com\/article\/sports\/10312648745549\/un-salon-renversant-se-paie-fos-provence\" target=\"_blank\" rel=\"noopener\">face au voisin salonais dans une opposition r\u00e9gionale attendue (91-85)<\/a>. De quoi donner plus d\u2019importance \u00e0 ce rendez-vous face \u00e0 Saint-Vallier. Il s\u2019agira de boucler 2025 sur une note positive et voir la capacit\u00e9 de r\u00e9action de cette \u00e9quipe qui est sur un faux rythme depuis le revers \u00e0 Metz.<\/p>\n<p>Fos Provence &#8211; Saint-Vallier, \u00e0 20h, Palais des Sports de Marseille<\/p>\n","protected":false},"excerpt":{"rendered":"La rel\u00e9gation en Nationale 1 masculine n\u2019a rien chang\u00e9 ou presque. Fos Provence a gard\u00e9 ses bonnes habitudes,&hellip;\n","protected":false},"author":2,"featured_media":611626,"comment_status":"","ping_status":"","sticky":false,"template":"","format":"standard","meta":{"footnotes":""},"categories":[2814],"tags":[17,1111,11,1465,1777,674,25762,1011,27,884,1774,4361,12,12823,1186,882,25,4256,60],"class_list":{"0":"post-611625","1":"post","2":"type-post","3":"status-publish","4":"format-standard","5":"has-post-thumbnail","7":"category-marseille","8":"tag-17","9":"tag-actu","10":"tag-actualites","11":"tag-basket","12":"tag-eu","13":"tag-europe","14":"tag-fos","15":"tag-fr","16":"tag-france","17":"tag-marseille","18":"tag-masculine","19":"tag-nationale","20":"tag-news","21":"tag-palais","22":"tag-provence","23":"tag-provence-alpes-cote-dazur","24":"tag-republique-francaise","25":"tag-retrouve","26":"tag-sports"},"share_on_mastodon":{"url":"https:\/\/pubeurope.com\/@fr\/115751713898037316","error":""},"_links":{"self":[{"href":"https:\/\/www.europesays.com\/fr\/wp-json\/wp\/v2\/posts\/611625","targetHints":{"allow":["GET"]}}],"collection":[{"href":"https:\/\/www.europesays.com\/fr\/wp-json\/wp\/v2\/posts"}],"about":[{"href":"https:\/\/www.europesays.com\/fr\/wp-json\/wp\/v2\/types\/post"}],"author":[{"embeddable":true,"href":"https:\/\/www.europesays.com\/fr\/wp-json\/wp\/v2\/users\/2"}],"replies":[{"embeddable":true,"href":"https:\/\/www.europesays.com\/fr\/wp-json\/wp\/v2\/comments?post=611625"}],"version-history":[{"count":0,"href":"https:\/\/www.europesays.com\/fr\/wp-json\/wp\/v2\/posts\/611625\/revisions"}],"wp:featuredmedia":[{"embeddable":true,"href":"https:\/\/www.europesays.com\/fr\/wp-json\/wp\/v2\/media\/611626"}],"wp:attachment":[{"href":"https:\/\/www.europesays.com\/fr\/wp-json\/wp\/v2\/media?parent=611625"}],"wp:term":[{"taxonomy":"category","embeddable":true,"href":"https:\/\/www.europesays.com\/fr\/wp-json\/wp\/v2\/categories?post=611625"},{"taxonomy":"post_tag","embeddable":true,"href":"https:\/\/www.europesays.com\/fr\/wp-json\/wp\/v2\/tags?post=611625"}],"curies":[{"name":"wp","href":"https:\/\/api.w.org\/{rel}","templated":true}]}}