{"id":611627,"date":"2025-12-20T11:42:14","date_gmt":"2025-12-20T11:42:14","guid":{"rendered":"https:\/\/www.europesays.com\/fr\/611627\/"},"modified":"2025-12-20T11:42:14","modified_gmt":"2025-12-20T11:42:14","slug":"spectacles-et-cadeaux-illuminent-le-quotidien-des-enfants","status":"publish","type":"post","link":"https:\/\/www.europesays.com\/fr\/611627\/","title":{"rendered":"spectacles et cadeaux illuminent le quotidien des enfants"},"content":{"rendered":"<p>Comme tous les ans, l\u2019association ASP Aider Son Prochain a eu l\u2019honneur d\u2019organiser une grande f\u00eate de No\u00ebl au centre m\u00e9dico-chirurgical Les Massues, dans le 5e arrondissement de Lyon. Pour sa 5e ann\u00e9e cons\u00e9cutive, cet \u00e9v\u00e9nement a apport\u00e9 joie et magie aux enfants hospitalis\u00e9s.<\/p>\n<p>Des artistes \u00e9taient au rendez-vous\u00a0: le groupe bollywood Nataraja, dirig\u00e9 par Afshi Rani, a offert un spectacle haut en couleur, accompagn\u00e9 de la superbe chanteuse Maeve. De nombreux partenaires ont permis d\u2019offrir de magnifiques cadeaux aux petits patients.<\/p>\n<p>Ce contenu est bloqu\u00e9 car vous n&rsquo;avez pas accept\u00e9 les cookies et autres traceurs.<\/p>\n<p>En cliquant sur \u00ab J\u2019accepte \u00bb, les cookies et autres traceurs seront d\u00e9pos\u00e9s et vous pourrez visualiser les contenus  (<a href=\"\" class=\"consentModule_policy\" target=\"_blank\" title=\"Consulter la politique de protection des donn\u00e9es du fournisseur\">plus d&rsquo;informations<\/a>).<\/p>\n<p>En cliquant sur \u00ab J\u2019accepte tous les cookies \u00bb, vous autorisez des d\u00e9p\u00f4ts de cookies et autres traceurs pour le stockage de vos donn\u00e9es sur nos sites et applications \u00e0 des fins de personnalisation et de ciblage publicitaire.<\/p>\n<p class=\"consentModule_secondaryText\">Vous gardez la possibilit\u00e9 de retirer votre consentement \u00e0 tout moment en consultant notre <a href=\"https:\/\/www.leprogres.fr\/protection-des-donnees\" target=\"_blank\" title=\"Consulter notre politique de protection des donn\u00e9es\" rel=\"noopener\">politique de protection des donn\u00e9es<\/a>. <br \/>&#13;<br \/>\n            <a href=\"https:\/\/www.leprogres.fr\/social\/2025\/12\/20\/javascript:Didomi.notice.show()\" class=\"consentModule_cmp\" target=\"_blank\" rel=\"noopener\">G\u00e9rer mes choix<\/a>&#13;\n        <\/p>\n<p>&#13;<br \/>\n                        J&rsquo;accepte&#13;<br \/>\n            J&rsquo;accepte tous les cookies&#13;\n        <\/p>\n<p>Les b\u00e9n\u00e9voles de l\u2019association, particuli\u00e8rement actifs, ont collect\u00e9 et emball\u00e9 des jouets pendant plusieurs jours, afin de susciter des centaines de sourires. La salle a \u00e9t\u00e9 magnifiquement illumin\u00e9e gr\u00e2ce \u00e0 Sisters D\u00e9co, cr\u00e9ant une atmosph\u00e8re f\u00e9erique. Le P\u00e8re No\u00ebl \u00e9tait bien s\u00fbr pr\u00e9sent pour distribuer les cadeaux et poser pour des moments inoubliables.<\/p>\n<p>  \u00ab\u00a0A nous de leur changer leur quotidien, leur apporter du soleil, de la lumi\u00e8re\u00a0\u00bb<\/p>\n<p>\u00ab C\u2019est tr\u00e8s important pour nous d\u2019\u00eatre l\u00e0 parce que si les enfants ne peuvent pas venir \u00e0 nous, c\u2019est \u00e0 nous de venir \u00e0 eux. Pendant ces p\u00e9riodes de f\u00eates, \u00e0 nous de leur changer leur quotidien, leur apporter du soleil, de la lumi\u00e8re. On pense \u00e0 eux\u00a0\u00bb, confie Afshi Rani, fondatrice de la troupe Nataraja.<\/p>\n<p>Charl\u00e8ne, \u00e9ducatrice jeune enfant \u00e0 l\u2019h\u00f4pital, ajoute\u00a0: \u00ab Cet \u00e9v\u00e9nement, c\u2019est pour donner du bonheur aux enfants, qu\u2019on passe un moment exceptionnel. Gr\u00e2ce \u00e0 l\u2019association Aider Son Prochain, ils ont pu passer un magnifique moment avec les spectacles et le P\u00e8re No\u00ebl.\u00a0\u00bb<\/p>\n<p>La famille Cherki a \u00e9galement contribu\u00e9 \u00e0 cette op\u00e9ration solidaire\u00a0: le papa Fabio et Madame Cherki ont livr\u00e9 les paquets cadeaux les bras charg\u00e9s, tandis que les emballages ont \u00e9t\u00e9 r\u00e9alis\u00e9s en famille. Ces gestes, men\u00e9s collectivement, ont \u00e9t\u00e9 compl\u00e9t\u00e9s par une touchante vid\u00e9o coup de c\u0153ur de Rayan, venue apporter force et r\u00e9confort aux enfants.<\/p>\n<p>Devenu un rendez-vous incontournable, cet \u00e9v\u00e9nement continue d\u2019\u00e9gayer le s\u00e9jour des enfants hospitalis\u00e9s gr\u00e2ce \u00e0 la g\u00e9n\u00e9rosit\u00e9 de tous les participants.<\/p>\n","protected":false},"excerpt":{"rendered":"Comme tous les ans, l\u2019association ASP Aider Son Prochain a eu l\u2019honneur d\u2019organiser une grande f\u00eate de No\u00ebl&hellip;\n","protected":false},"author":2,"featured_media":611628,"comment_status":"","ping_status":"","sticky":false,"template":"","format":"standard","meta":{"footnotes":""},"categories":[1889],"tags":[1111,11,2430,2757,1777,674,1011,27,2428,15658,15657,12,25,2429,801],"class_list":{"0":"post-611627","1":"post","2":"type-post","3":"status-publish","4":"format-standard","5":"has-post-thumbnail","7":"category-lyon","8":"tag-actu","9":"tag-actualites","10":"tag-auvergne-rhone-alpes","11":"tag-edition-lyon-villeurbanne","12":"tag-eu","13":"tag-europe","14":"tag-fr","15":"tag-france","16":"tag-lyon","17":"tag-lyon-5e","18":"tag-lyon-5e-arrondissement","19":"tag-news","20":"tag-republique-francaise","21":"tag-rhone","22":"tag-social"},"share_on_mastodon":{"url":"https:\/\/pubeurope.com\/@fr\/115751717763459724","error":""},"_links":{"self":[{"href":"https:\/\/www.europesays.com\/fr\/wp-json\/wp\/v2\/posts\/611627","targetHints":{"allow":["GET"]}}],"collection":[{"href":"https:\/\/www.europesays.com\/fr\/wp-json\/wp\/v2\/posts"}],"about":[{"href":"https:\/\/www.europesays.com\/fr\/wp-json\/wp\/v2\/types\/post"}],"author":[{"embeddable":true,"href":"https:\/\/www.europesays.com\/fr\/wp-json\/wp\/v2\/users\/2"}],"replies":[{"embeddable":true,"href":"https:\/\/www.europesays.com\/fr\/wp-json\/wp\/v2\/comments?post=611627"}],"version-history":[{"count":0,"href":"https:\/\/www.europesays.com\/fr\/wp-json\/wp\/v2\/posts\/611627\/revisions"}],"wp:featuredmedia":[{"embeddable":true,"href":"https:\/\/www.europesays.com\/fr\/wp-json\/wp\/v2\/media\/611628"}],"wp:attachment":[{"href":"https:\/\/www.europesays.com\/fr\/wp-json\/wp\/v2\/media?parent=611627"}],"wp:term":[{"taxonomy":"category","embeddable":true,"href":"https:\/\/www.europesays.com\/fr\/wp-json\/wp\/v2\/categories?post=611627"},{"taxonomy":"post_tag","embeddable":true,"href":"https:\/\/www.europesays.com\/fr\/wp-json\/wp\/v2\/tags?post=611627"}],"curies":[{"name":"wp","href":"https:\/\/api.w.org\/{rel}","templated":true}]}}