{"id":611633,"date":"2025-12-20T11:47:13","date_gmt":"2025-12-20T11:47:13","guid":{"rendered":"https:\/\/www.europesays.com\/fr\/611633\/"},"modified":"2025-12-20T11:47:13","modified_gmt":"2025-12-20T11:47:13","slug":"cheffe-la-plus-etoilee-au-monde-anne-sophie-pic-va-ouvrir-un-nouveau-restaurant-en-plein-coeur-de-paris","status":"publish","type":"post","link":"https:\/\/www.europesays.com\/fr\/611633\/","title":{"rendered":"Cheffe la plus \u00e9toil\u00e9e au monde, Anne-Sophie Pic va ouvrir un nouveau restaurant en plein c\u0153ur de Paris"},"content":{"rendered":"<p>                    Par<br \/>\n        <strong><br \/>\n            <a href=\"https:\/\/actu.fr\/auteur\/julie-bossart-actu-fr\" title=\"Consulter tous les articles de Julie Bossart\" target=\"_blank\" rel=\"noopener\">Julie Bossart<\/a><br \/>\n                    <\/strong><\/p>\n<p>        Publi\u00e9 le<\/p>\n<p>            20 d\u00e9c. 2025 \u00e0 12h22        <\/p>\n<p>Une fermeture qui cache une ouverture. Anne-Sophie Pic va fermer son <a href=\"https:\/\/actu.fr\/tag\/restaurant\" target=\"_blank\" rel=\"noopener\">restaurant<\/a> de la rue du Louvre \u00e0 <a href=\"https:\/\/actu.fr\/paris\/dernieres-actus\" target=\"_blank\" rel=\"noopener\">Paris<\/a> (1er), la Dame de Pic, pour en ouvrir un autre \u00e0 quelques pas de l\u00e0. A l\u2019automne 2026, la cheffe la plus \u00e9toil\u00e9e du monde (elle en cumule aujourd\u2019hui 8 au <a href=\"https:\/\/actu.fr\/tag\/guide-michelin\/page\/2\" target=\"_blank\" rel=\"noopener\">Guide Michelin<\/a> entre ses diff\u00e9rents \u00e9tablissements) s\u2019installera effectivement au sein de la<a href=\"https:\/\/actu.fr\/ile-de-france\/paris_75056\/video-la-fondation-cartier-demenage-en-plein-coeur-de-paris-dans-un-batiment-epoustouflant_63351919.html\" target=\"_blank\" rel=\"noopener\"> nouvelle Fondation Cartier<\/a> pour l\u2019art contemporain, qui a pris ses quartiers en octobre rue de Rivoli, juste en face du <a href=\"https:\/\/actu.fr\/tag\/musee-du-louvre\" target=\"_blank\" rel=\"noopener\">mus\u00e9e du Louvre<\/a>. Une information qu\u2019elle a confirm\u00e9e \u00e0 <a href=\"https:\/\/www.francebleu.fr\/infos\/culture-loisirs\/la-cheffe-valentinoise-multi-etoilee-anne-sophie-pic-annonce-l-ouverture-d-un-nouvel-etablissement-a-paris-en-2026-7758920\" target=\"_blank\" rel=\"noopener\">Ici<\/a>.\u00a0<\/p>\n<p>Exigence et innovation<\/p>\n<p class=\" wall-content\">Difficile d\u2019en savoir plus \u00e0 cette heure sur le projet qui prendra place dans cet \u00e9crin au coeur de Paris.\u00a0<\/p>\n<p class=\" wall-content\">Originaire de Valence et issue d\u2019une longue lign\u00e9e de restaurateurs, Anne-Sophie Pic fait partie du cercle tr\u00e8s restreint des femmes cheffes fran\u00e7aises \u00e0 d\u00e9tenir trois \u00e9toiles. Reconnue comme l\u2019une des grandes ambassadrices de la gastronomie fran\u00e7aise et salu\u00e9e pour son exigence et ses innovations, elle a, via le groupe Pic, b\u00e2ti un empire culinaire mondial en \u00e9tant pr\u00e9sente \u00e0 Lausanne, Hong-Kong et Duba\u00ef, rapporte <a href=\"https:\/\/www.challenges.fr\/entreprise\/valence-bangkok-pekin-comment-anne-sophie-pic-batit-un-empire-culinaire-mondial_621141\" target=\"_blank\" rel=\"noopener\">Challenges<\/a>.<\/p>\n<p class=\" wall-content\"><a href=\"https:\/\/www.instagram.com\/p\/DSVx6nJiLIr\/embed\" title=\"Ouvrir le lien sur Instagram\" target=\"_blank\" rel=\"noopener\">Visualiser le contenu sur Instagram<\/a><\/p>\n<p class=\" wall-content\">L\u2019an pass\u00e9, son restaurant Pic, \u00e0 Valence, a \u00e9t\u00e9 \u00e9lu <a href=\"https:\/\/actu.fr\/auvergne-rhone-alpes\/valence_26362\/le-meilleur-restaurant-du-monde-est-a-1h30-de-lyon-selon-un-classement-tripadvisor_61670391.html\" target=\"_blank\" rel=\"noopener\">meilleur restaurant du monde<\/a> selon un classement Tripadvisor. Cette ann\u00e9e, ce m\u00eame \u00e9tablissement figure au 3e rang du classement du guide La Liste.<\/p>\n<p class=\" wall-content\">Personnalisez votre actualit\u00e9 en ajoutant vos villes et m\u00e9dias en favori avec <a href=\"https:\/\/moncompte.actu.fr\" title=\"D\u00e9couvez Mon Actu\" rel=\"nofollow noopener\" data-trk=\"{&quot;cta&quot;:{&quot;action&quot;:&quot;https:\\\/\\\/moncompte.actu.fr&quot;,&quot;category&quot;:&quot;mon compte&quot;,&quot;from&quot;:&quot;article footer&quot;,&quot;name&quot;:&quot;Mon actu&quot;,&quot;type&quot;:&quot;cta&quot;}}\" target=\"_blank\">Mon Actu<\/a>.<\/p>\n<p>                    <script async src=\"\/\/www.instagram.com\/embed.js\"><\/script><\/p>\n","protected":false},"excerpt":{"rendered":"Par Julie Bossart Publi\u00e9 le 20 d\u00e9c. 2025 \u00e0 12h22 Une fermeture qui cache une ouverture. Anne-Sophie Pic&hellip;\n","protected":false},"author":2,"featured_media":611634,"comment_status":"","ping_status":"","sticky":false,"template":"","format":"standard","meta":{"footnotes":""},"categories":[1888],"tags":[1111,1928,11,1927,1777,674,1011,27,1661,493,12,1926,626,1925,25,1340,104],"class_list":{"0":"post-611633","1":"post","2":"type-post","3":"status-publish","4":"format-standard","5":"has-post-thumbnail","7":"category-paris","8":"tag-actu","9":"tag-actu-paris","10":"tag-actualites","11":"tag-actualites-paris","12":"tag-eu","13":"tag-europe","14":"tag-fr","15":"tag-france","16":"tag-gastronomie","17":"tag-guide-michelin","18":"tag-news","19":"tag-news-paris","20":"tag-paris","21":"tag-paris-news","22":"tag-republique-francaise","23":"tag-restaurant","24":"tag-societe"},"share_on_mastodon":{"url":"https:\/\/pubeurope.com\/@fr\/115751737413976014","error":""},"_links":{"self":[{"href":"https:\/\/www.europesays.com\/fr\/wp-json\/wp\/v2\/posts\/611633","targetHints":{"allow":["GET"]}}],"collection":[{"href":"https:\/\/www.europesays.com\/fr\/wp-json\/wp\/v2\/posts"}],"about":[{"href":"https:\/\/www.europesays.com\/fr\/wp-json\/wp\/v2\/types\/post"}],"author":[{"embeddable":true,"href":"https:\/\/www.europesays.com\/fr\/wp-json\/wp\/v2\/users\/2"}],"replies":[{"embeddable":true,"href":"https:\/\/www.europesays.com\/fr\/wp-json\/wp\/v2\/comments?post=611633"}],"version-history":[{"count":0,"href":"https:\/\/www.europesays.com\/fr\/wp-json\/wp\/v2\/posts\/611633\/revisions"}],"wp:featuredmedia":[{"embeddable":true,"href":"https:\/\/www.europesays.com\/fr\/wp-json\/wp\/v2\/media\/611634"}],"wp:attachment":[{"href":"https:\/\/www.europesays.com\/fr\/wp-json\/wp\/v2\/media?parent=611633"}],"wp:term":[{"taxonomy":"category","embeddable":true,"href":"https:\/\/www.europesays.com\/fr\/wp-json\/wp\/v2\/categories?post=611633"},{"taxonomy":"post_tag","embeddable":true,"href":"https:\/\/www.europesays.com\/fr\/wp-json\/wp\/v2\/tags?post=611633"}],"curies":[{"name":"wp","href":"https:\/\/api.w.org\/{rel}","templated":true}]}}