{"id":611635,"date":"2025-12-20T11:48:14","date_gmt":"2025-12-20T11:48:14","guid":{"rendered":"https:\/\/www.europesays.com\/fr\/611635\/"},"modified":"2025-12-20T11:48:14","modified_gmt":"2025-12-20T11:48:14","slug":"olivia-ruiz-a-paris-depuis-20-ans-elle-felicite-anne-hidalgo-je-trouve-la-ville-plus-propre","status":"publish","type":"post","link":"https:\/\/www.europesays.com\/fr\/611635\/","title":{"rendered":"Olivia Ruiz \u00e0 Paris depuis 20 ans, elle f\u00e9licite Anne Hidalgo : \u00ab Je trouve la ville plus propre \u00bb"},"content":{"rendered":"<p class=\"mb-4 text-lg md:leading-8 break-words\">N\u00e9e \u00e0 Carcassonne dans les ann\u00e9es 80, <a href=\"https:\/\/www.parismatch.com\/bio\/olivia-ruiz\" rel=\"nofollow noopener\" target=\"_blank\" data-ylk=\"slk:Olivia Ruiz;elm:context_link;itc:0;sec:content-canvas\" class=\"link \">Olivia Ruiz<\/a> a attendu sa vingtaine pour quitter les remparts de la citadelle et adopter les rues escarp\u00e9es de Montmartre. Plus de deux d\u00e9cennies ont pass\u00e9, <a href=\"https:\/\/www.parismatch.com\/Vivre\/Mode\/Olivia-Ruiz-illumine-Paris-175705\" rel=\"nofollow noopener\" target=\"_blank\" data-ylk=\"slk:mais son amour du XVIIIe arrondissement de Paris;elm:context_link;itc:0;sec:content-canvas\" class=\"link \">mais son amour du XVIIIe arrondissement de Paris<\/a> demeure inchang\u00e9. Dans les colonnes du \u00ab\u00a0Parisien\u00a0\u00bb, ce samedi 20\u00a0d\u00e9cembre, elle a remerci\u00e9 la maire <a href=\"https:\/\/www.parismatch.com\/bio\/anne-hidalgo\" rel=\"nofollow noopener\" target=\"_blank\" data-ylk=\"slk:Anne Hidalgo;elm:context_link;itc:0;sec:content-canvas\" class=\"link \">Anne Hidalgo<\/a> pour ses audacieux changements dans la ville, sans manquer de d\u00e9voiler quelques bonnes adresses aux lecteurs.<\/p>\n<p class=\"mb-4 text-lg md:leading-8 break-words\"><a href=\"https:\/\/www.parismatch.com\/People\/Olivia-Ruiz-Je-n-ai-jamais-batifole-1173209\" rel=\"nofollow noopener\" target=\"_blank\" data-ylk=\"slk:En couple avec son attach\u00e9 de presse;elm:context_link;itc:0;sec:content-canvas\" class=\"link \">En couple avec son attach\u00e9 de presse<\/a>, l\u2019auteur Nicolas Preschey, la chanteuse est devenue m\u00e8re en novembre\u00a02015 d\u2019un petit gar\u00e7on nomm\u00e9 Nino. La naissance de cet enfant a fait r\u00e9aliser de nombreuses choses \u00e0 la \u00ab\u00a0Femme chocolat\u00a0\u00bb sur sa ville d\u2019adoption\u00a0: \u00ab\u00a0En termes d\u2019\u00e9cologie, ce qu\u2019a fait Anne Hidalgo \u00e0 Paris tient \u00e9norm\u00e9ment \u00e0 c\u0153ur \u00e0 une maman comme moi\u00a0: am\u00e9liorer la qualit\u00e9 de vie, l\u2019\u00e9panouissement de son enfant\u2026 J\u2019aime mon maire, ce n\u2019est pas donn\u00e9 \u00e0 tout le monde.\u00a0\u00bb<\/p>\n<p>\u00ab\u00a0C\u2019est g\u00e9nial de ne pas flipper sans cesse\u00a0\u00bb<\/p>\n<p class=\"mb-4 text-lg md:leading-8 break-words\">Au-del\u00e0 des consid\u00e9rations \u00e9cologiques qui tiennent \u00e0 c\u0153ur \u00e0 Olivia, l\u2019am\u00e9lioration de la s\u00e9curit\u00e9 est un v\u00e9ritable atout pour cette amoureuse de Paris\u00a0: \u00ab\u00a0Il y a beaucoup de choses pour lesquelles je me sens tr\u00e8s reconnaissante. Il y a plus de voies pi\u00e9tonnes aujourd\u2019hui dans le XVIIIe et le IXe, par exemple. C\u2019est un confort incroyable. Avec des enfants, c\u2019est g\u00e9nial de ne pas flipper sans cesse, de pouvoir avoir des petits moments o\u00f9 on respire, et eux aussi, sans nous entendre crier de faire attenti&#8230;<\/p>\n<p class=\"mb-4 text-lg md:leading-8 break-words\"><a href=\"https:\/\/www.parismatch.com\/People\/olivia-ruiz-a-paris-depuis-20-ans-elle-felicite-anne-hidalgo-je-trouve-la-ville-plus-propre-261893?at_medium=affiliate&amp;at_campaign=Yahoo\" rel=\"nofollow noopener\" target=\"_blank\" data-ylk=\"slk:Lire la suite sur ParisMatch;elm:context_link;itc:0;sec:content-canvas\" class=\"link \">Lire la suite sur ParisMatch<\/a><\/p>\n","protected":false},"excerpt":{"rendered":"N\u00e9e \u00e0 Carcassonne dans les ann\u00e9es 80, Olivia Ruiz a attendu sa vingtaine pour quitter les remparts de&hellip;\n","protected":false},"author":2,"featured_media":611636,"comment_status":"","ping_status":"","sticky":false,"template":"","format":"standard","meta":{"footnotes":""},"categories":[1888],"tags":[1111,1928,11,1927,2618,44955,1777,674,1011,27,12,1926,72274,29898,626,1925,25,56539],"class_list":{"0":"post-611635","1":"post","2":"type-post","3":"status-publish","4":"format-standard","5":"has-post-thumbnail","7":"category-paris","8":"tag-actu","9":"tag-actu-paris","10":"tag-actualites","11":"tag-actualites-paris","12":"tag-anne-hidalgo","13":"tag-attache-de-presse","14":"tag-eu","15":"tag-europe","16":"tag-fr","17":"tag-france","18":"tag-news","19":"tag-news-paris","20":"tag-nicolas-preschey","21":"tag-olivia-ruiz","22":"tag-paris","23":"tag-paris-news","24":"tag-republique-francaise","25":"tag-xviiie-arrondissement-de-paris"},"share_on_mastodon":{"url":"https:\/\/pubeurope.com\/@fr\/115751741364439180","error":""},"_links":{"self":[{"href":"https:\/\/www.europesays.com\/fr\/wp-json\/wp\/v2\/posts\/611635","targetHints":{"allow":["GET"]}}],"collection":[{"href":"https:\/\/www.europesays.com\/fr\/wp-json\/wp\/v2\/posts"}],"about":[{"href":"https:\/\/www.europesays.com\/fr\/wp-json\/wp\/v2\/types\/post"}],"author":[{"embeddable":true,"href":"https:\/\/www.europesays.com\/fr\/wp-json\/wp\/v2\/users\/2"}],"replies":[{"embeddable":true,"href":"https:\/\/www.europesays.com\/fr\/wp-json\/wp\/v2\/comments?post=611635"}],"version-history":[{"count":0,"href":"https:\/\/www.europesays.com\/fr\/wp-json\/wp\/v2\/posts\/611635\/revisions"}],"wp:featuredmedia":[{"embeddable":true,"href":"https:\/\/www.europesays.com\/fr\/wp-json\/wp\/v2\/media\/611636"}],"wp:attachment":[{"href":"https:\/\/www.europesays.com\/fr\/wp-json\/wp\/v2\/media?parent=611635"}],"wp:term":[{"taxonomy":"category","embeddable":true,"href":"https:\/\/www.europesays.com\/fr\/wp-json\/wp\/v2\/categories?post=611635"},{"taxonomy":"post_tag","embeddable":true,"href":"https:\/\/www.europesays.com\/fr\/wp-json\/wp\/v2\/tags?post=611635"}],"curies":[{"name":"wp","href":"https:\/\/api.w.org\/{rel}","templated":true}]}}