{"id":611641,"date":"2025-12-20T11:51:11","date_gmt":"2025-12-20T11:51:11","guid":{"rendered":"https:\/\/www.europesays.com\/fr\/611641\/"},"modified":"2025-12-20T11:51:11","modified_gmt":"2025-12-20T11:51:11","slug":"ukraine-le-bilan-de-lattaque-russe-contre-la-region-dodessa-passe-a-8-morts-et-27-blesses","status":"publish","type":"post","link":"https:\/\/www.europesays.com\/fr\/611641\/","title":{"rendered":"Ukraine : le bilan de l&rsquo;attaque russe contre la r\u00e9gion d\u2019Odessa passe \u00e0 8 morts et 27 bless\u00e9s"},"content":{"rendered":"<p>\n  Par&amp;nbsp<b>Euronews<\/b>\n<\/p>\n<p>\n                    Publi\u00e9 le                 20\/12\/2025 &#8211; 12:36 UTC+1<br \/>\n                \u2022Mis \u00e0 jour<br \/>\n                                     12:42\n                                        <\/p>\n<p>Le bilan de la frappe de missile balistique russe contre les infrastructures portuaires de la r\u00e9gion d&rsquo;Odessa, survenue vendredi soir, monte \u00e0 8 morts et 27 bless\u00e9s.<\/p>\n<p>C&rsquo;est ce qu&rsquo;a annonc\u00e9 le service national des situations d\u2019urgence dans un message publi\u00e9 sur Telegram.<\/p>\n<p>Selon les autorit\u00e9s, certaines des personnes bless\u00e9es \u00e0 Odessa se trouvaient dans un bus au moment de l&rsquo;attaque. Des camions auraient pris feu et des voitures auraient \u00e9t\u00e9 endommag\u00e9es.<\/p>\n<p>Au total, 51 drones et trois missiles balistiques Iskander-M ont \u00e9t\u00e9 lanc\u00e9s \u00e0 travers l&rsquo;Ukraine lors de nouvelles attaques men\u00e9es par la Russie au cours de la nuit.<\/p>\n<p>Les forces arm\u00e9es ukrainiennes ont indiqu\u00e9 que sur les 51 drones, environ 30 \u00e9taient de type Shahed et que 31 d&rsquo;entre eux avaient \u00e9t\u00e9 abattus ou brouill\u00e9s, ce qui laisse un bilan de 20 frappes enregistr\u00e9es \u00e0 15 endroits diff\u00e9rents. <\/p>\n<p>Selon Kyiv, la Russie a de nouveau bombard\u00e9 samedi \u200ble port de Pivdenny pr\u00e8s d&rsquo;Odessa, a d\u00e9clar\u00e9 Oleksi\u00ef Kouleba, vice-Premier ministre et ministre de la reconstruction de l&rsquo;Ukraine.<\/p>\n<p>Kyiv frappe les installations p\u00e9troli\u00e8res et gazi\u00e8res en mer Caspienne<\/p>\n<p>Les forces arm\u00e9es ukrainiennes affirment avoir frapp\u00e9 un navire militaire russe et une plate-forme de forage en mer Caspienne.<\/p>\n<p>Selon un communiqu\u00e9 de l&rsquo;\u00e9tat-major ukrainien, publi\u00e9 samedi sur Telegram, dans la nuit de samedi \u00e0 dimanche, des drones ukrainiens ont attaqu\u00e9 le navire patrouilleur \u00ab\u00a0Okhotnik\u00a0\u00bb, qui se trouvait \u00e0 proximit\u00e9 d&rsquo;une plate-forme de forage Filanovsky, exploit\u00e9 par la soci\u00e9t\u00e9 Lukoil. Elle aurait \u00e9t\u00e9 \u00e9galement touch\u00e9e. <\/p>\n<p>En outre, les drones ukrainiens ont pris pour cible un radar et le syst\u00e8me de deux jets russes Su-27 situ\u00e9s sur l&rsquo;a\u00e9rodrome militaire de Belbek, en Crim\u00e9e, territoire que la Russie a ill\u00e9galement annex\u00e9 \u00e0 l&rsquo;Ukraine en 2014.<\/p>\n","protected":false},"excerpt":{"rendered":"Par&amp;nbspEuronews Publi\u00e9 le 20\/12\/2025 &#8211; 12:36 UTC+1 \u2022Mis \u00e0 jour 12:42 Le bilan de la frappe de missile&hellip;\n","protected":false},"author":2,"featured_media":611642,"comment_status":"","ping_status":"","sticky":false,"template":"","format":"standard","meta":{"footnotes":""},"categories":[1591],"tags":[11,3983,2024,1887,131,12,1885,1886,132],"class_list":{"0":"post-611641","1":"post","2":"type-post","3":"status-publish","4":"format-standard","5":"has-post-thumbnail","7":"category-russie","8":"tag-actualites","9":"tag-deces","10":"tag-drones","11":"tag-federation-de-russie","12":"tag-guerre-en-ukraine","13":"tag-news","14":"tag-russia","15":"tag-russian-federation","16":"tag-russie"},"share_on_mastodon":{"url":"https:\/\/pubeurope.com\/@fr\/115751753128661353","error":""},"_links":{"self":[{"href":"https:\/\/www.europesays.com\/fr\/wp-json\/wp\/v2\/posts\/611641","targetHints":{"allow":["GET"]}}],"collection":[{"href":"https:\/\/www.europesays.com\/fr\/wp-json\/wp\/v2\/posts"}],"about":[{"href":"https:\/\/www.europesays.com\/fr\/wp-json\/wp\/v2\/types\/post"}],"author":[{"embeddable":true,"href":"https:\/\/www.europesays.com\/fr\/wp-json\/wp\/v2\/users\/2"}],"replies":[{"embeddable":true,"href":"https:\/\/www.europesays.com\/fr\/wp-json\/wp\/v2\/comments?post=611641"}],"version-history":[{"count":0,"href":"https:\/\/www.europesays.com\/fr\/wp-json\/wp\/v2\/posts\/611641\/revisions"}],"wp:featuredmedia":[{"embeddable":true,"href":"https:\/\/www.europesays.com\/fr\/wp-json\/wp\/v2\/media\/611642"}],"wp:attachment":[{"href":"https:\/\/www.europesays.com\/fr\/wp-json\/wp\/v2\/media?parent=611641"}],"wp:term":[{"taxonomy":"category","embeddable":true,"href":"https:\/\/www.europesays.com\/fr\/wp-json\/wp\/v2\/categories?post=611641"},{"taxonomy":"post_tag","embeddable":true,"href":"https:\/\/www.europesays.com\/fr\/wp-json\/wp\/v2\/tags?post=611641"}],"curies":[{"name":"wp","href":"https:\/\/api.w.org\/{rel}","templated":true}]}}