{"id":611647,"date":"2025-12-20T11:54:25","date_gmt":"2025-12-20T11:54:25","guid":{"rendered":"https:\/\/www.europesays.com\/fr\/611647\/"},"modified":"2025-12-20T11:54:25","modified_gmt":"2025-12-20T11:54:25","slug":"les-etudiants-franciliens-vont-pouvoir-faire-leur-erasmus-au-royaume-uni","status":"publish","type":"post","link":"https:\/\/www.europesays.com\/fr\/611647\/","title":{"rendered":"Les \u00e9tudiants franciliens vont pouvoir faire leur Erasmus au Royaume-Uni"},"content":{"rendered":"\n<p style=\"margin-bottom: 0cm;\">C\u2019est une grande nouvelle pour tous les \u00e9tudiants franciliens : le Royaume-Uni revient dans le programme Erasmus. Nos voisins anglais avaient quitt\u00e9 le programme d\u2019\u00e9change scolaire depuis le vote du Brexit. Les Britanniques ont trouv\u00e9 un accord avec Bruxelles pour relancer les \u00e9changes universitaires d\u00e8s le 1er janvier 2027. Avant le retrait du Royaume-Uni, 7.000 \u00e9tudiants fran\u00e7ais choisissaient l\u2019Angleterre pour le programme.<\/p>\n<p style=\"margin-bottom: 0cm;\">\u00a0<\/p>\n<p style=\"margin-bottom: 0cm;\">\u00a0<\/p>\n<p lang=\"fr-FR\" style=\"margin-bottom: 0cm;\">Nicolas Chacun &#8211; Benjamin Foucault<\/p>\n<p>!function(f,b,e,v,n,t,s){if(f.fbq)return;n=f.fbq=function(){n.callMethod?<br \/>\nn.callMethod.apply(n,arguments):n.queue.push(arguments)};if(!f._fbq)f._fbq=n;<br \/>\nn.push=n;n.loaded=!0;n.version=&rsquo;2.0&prime;;n.queue=[];t=b.createElement(e);t.async=!0;<br \/>\nt.src=v;s=b.getElementsByTagName(e)[0];s.parentNode.insertBefore(t,s)}(window,<br \/>\ndocument,&rsquo;script&rsquo;,&rsquo;https:\/\/connect.facebook.net\/en_US\/fbevents.js&rsquo;);<br \/>\nfbq(&lsquo;init&rsquo;, &lsquo;278974969201861&rsquo;); \/\/ Insert your pixel ID here.<br \/>\nfbq(&lsquo;track&rsquo;, &lsquo;PageView&rsquo;);<\/p>\n","protected":false},"excerpt":{"rendered":"C\u2019est une grande nouvelle pour tous les \u00e9tudiants franciliens : le Royaume-Uni revient dans le programme Erasmus. Nos&hellip;\n","protected":false},"author":2,"featured_media":611648,"comment_status":"","ping_status":"","sticky":false,"template":"","format":"standard","meta":{"footnotes":""},"categories":[1588],"tags":[11,1933,1936,1777,1939,674,1934,12,1940,1935,473,1853,1937,1941,1851,1850,1852,1938],"class_list":{"0":"post-611647","1":"post","2":"type-post","3":"status-publish","4":"format-standard","5":"has-post-thumbnail","7":"category-royaume-uni","8":"tag-actualites","9":"tag-actualites-locales","10":"tag-essonne","11":"tag-eu","12":"tag-eure-et-loir","13":"tag-europe","14":"tag-infos-locales","15":"tag-news","16":"tag-oise","17":"tag-pres-de-chez-vous","18":"tag-royaume-uni","19":"tag-royaume-uni-de-grande-bretagne-et-dirlande-du-nord","20":"tag-seine-et-marne","21":"tag-somme","22":"tag-uk","23":"tag-united-kingdom","24":"tag-united-kingdom-of-great-britain-and-northern-ireland","25":"tag-yvelines"},"share_on_mastodon":{"url":"https:\/\/pubeurope.com\/@fr\/115751764916736320","error":""},"_links":{"self":[{"href":"https:\/\/www.europesays.com\/fr\/wp-json\/wp\/v2\/posts\/611647","targetHints":{"allow":["GET"]}}],"collection":[{"href":"https:\/\/www.europesays.com\/fr\/wp-json\/wp\/v2\/posts"}],"about":[{"href":"https:\/\/www.europesays.com\/fr\/wp-json\/wp\/v2\/types\/post"}],"author":[{"embeddable":true,"href":"https:\/\/www.europesays.com\/fr\/wp-json\/wp\/v2\/users\/2"}],"replies":[{"embeddable":true,"href":"https:\/\/www.europesays.com\/fr\/wp-json\/wp\/v2\/comments?post=611647"}],"version-history":[{"count":0,"href":"https:\/\/www.europesays.com\/fr\/wp-json\/wp\/v2\/posts\/611647\/revisions"}],"wp:featuredmedia":[{"embeddable":true,"href":"https:\/\/www.europesays.com\/fr\/wp-json\/wp\/v2\/media\/611648"}],"wp:attachment":[{"href":"https:\/\/www.europesays.com\/fr\/wp-json\/wp\/v2\/media?parent=611647"}],"wp:term":[{"taxonomy":"category","embeddable":true,"href":"https:\/\/www.europesays.com\/fr\/wp-json\/wp\/v2\/categories?post=611647"},{"taxonomy":"post_tag","embeddable":true,"href":"https:\/\/www.europesays.com\/fr\/wp-json\/wp\/v2\/tags?post=611647"}],"curies":[{"name":"wp","href":"https:\/\/api.w.org\/{rel}","templated":true}]}}