{"id":611653,"date":"2025-12-20T11:57:13","date_gmt":"2025-12-20T11:57:13","guid":{"rendered":"https:\/\/www.europesays.com\/fr\/611653\/"},"modified":"2025-12-20T11:57:13","modified_gmt":"2025-12-20T11:57:13","slug":"chypre-prend-la-presidence-de-lunion-europeenne-et-veut-la-rapprocher-du-moyen-orient","status":"publish","type":"post","link":"https:\/\/www.europesays.com\/fr\/611653\/","title":{"rendered":"Chypre prend la pr\u00e9sidence de l\u2019Union Europ\u00e9enne et veut \u00ab\u00a0la rapprocher du Moyen-Orient\u00a0\u00bb"},"content":{"rendered":"<p class=\"upper-letter\">Il a un air r\u00e9fl\u00e9chi, pos\u00e9, bien loin du style brouillon de certains de ses pr\u00e9d\u00e9cesseurs. Il a m\u00eame l\u2019accent et le flegme des Britanniques, lui l\u2019universitaire, docteur en droit, qui a fait une partie de ses \u00e9tudes \u00e0 Cambridge et \u00e0 Hull, dans le Grand Nord de l\u2019Angleterre. Mais, lorsqu\u2019il aborde des th\u00e8mes qui lui tiennent \u00e0 c\u0153ur, les soubresauts qui secouent sa r\u00e9gion, on sent poindre chez ce politique sans \u00e9tiquette la fougue de l\u2019Oriental.<\/p>\n<p>Ministre des Affaires \u00e9trang\u00e8res de Chypre, <a href=\"https:\/\/www.gov.cy\/presidency\/en\/resumes\/?resume_id=5165\" target=\"_blank\" rel=\"noopener\">Constantinos Kombos<\/a> sera aux avants postes de la diplomatie au cours du premier semestre de la nouvelle ann\u00e9e. A partir du 1er\u00a0janvier, en effet, Nicosie exerce la pr\u00e9sidence tournante de l\u2019Union europ\u00e9enne (UE). Il se veut rassurant\u00a0: \u00ab\u00a0longtemps nous avons donn\u00e9 l\u2019image d\u2019un pays englu\u00e9 dans ses relations conflictuelles avec la Turquie. Or nous sommes capables de sortir des sentiers battus.\u00a0\u00bb Il emploie l\u2019expression si anglo-saxonne de \u00ab\u00a0think out of the box\u00a0\u00bb (penser hors de la bo\u00eete). \u00ab\u00a0Nous sommes un petit pays, avec une approche diff\u00e9rente. Nous ne sommes pas le probl\u00e8me, nous sommes la solution\u00a0\u00bb.<\/p>\n<p>Car, si Nicosie prend le relais de Copenhague \u00e0 Bruxelles, et que les dossiers en cours, dict\u00e9s par l\u2019actualit\u00e9 br\u00fblante, restent la guerre en Ukraine (\u00ab\u00a0notre priorit\u00e9 num\u00e9ro un\u00a0\u00bb, dit-il), l\u2019autonomie strat\u00e9gique des 27, les relations avec Washington, les Chypriotes comptent apporter leur touche r\u00e9gionale. De m\u00eame que les Danois avaient mis l\u2019accent sur les enjeux de la s\u00e9curit\u00e9 au nord et \u00e0 l\u2019est du continent, en particulier autour de la mer Baltique, eux pointent \u00ab\u00a0une volont\u00e9 de rapprocher l\u2019UE du Moyen Orient\u00a0\u00bb. Il note\u00a0: \u00ab\u00a0nous sommes \u00e0 une demi-heure de vol du Liban et de la Syrie, \u00e0 40 minutes d\u2019Isra\u00ebl, \u00e0 50 minutes de la Jordanie et de l\u2019\u00c9gypte.\u00a0\u00bb<\/p>\n<p>Justement d\u00e9but octobre il accompagnait son pr\u00e9sident, Nikos Christodoulides, \u00ab\u00a0\u00e0 l\u2019invitation des pr\u00e9sidents Al Sissi et Trump\u00a0\u00bb, \u00e0 <a href=\"https:\/\/cyprus-mail.com\/2025\/11\/09\/kombos-discusses-future-of-gaza-with-israels-saar\" target=\"_blank\" rel=\"noopener\">Charm el Cheikh aux n\u00e9gociations<\/a> pour un cessez-le-feu dans la bande de Gaza. \u00ab\u00a0Nous Europ\u00e9ens avons un r\u00f4le \u00e0 tenir pour contribuer \u00e0 la paix l\u00e0-bas,\u00a0\u00bb insiste le diplomate. Selon lui, son pays peut jouer un vrai r\u00f4le de m\u00e9diateur, \u00e9tant donn\u00e9 sa g\u00e9ographie et aussi son histoire\u00a0: la petite r\u00e9publique a aid\u00e9 \u00e0 \u00e9vacuer des civils par milliers pendant la guerre du Liban en 2006 et la crise libyenne de 2011. Depuis le d\u00e9but du conflit isra\u00e9lo-palestinien en octobre 2023, elle a assur\u00e9 d\u2019innombrables transports humanitaires. Le quadrag\u00e9naire argumente plus avant. \u00ab\u00a0Nous sommes un des rares pays \u00e0 avoir une ambassade dans tous les pays du golfe\u00a0\u00bb. Il pointe <a href=\"https:\/\/en.politis.com.cy\/globe\/globe-our-neighbourhood\/967829\/kombos-in-israel-to-advance-energy-defence-and-investment-ties\" target=\"_blank\" rel=\"noopener\">de surcro\u00eet qu\u2019avec J\u00e9rusalem<\/a>, Nicosie a un partenariat strat\u00e9gique depuis 2010.<\/p>\n<p>Son pr\u00e9sident, <a href=\"https:\/\/www.gov.cy\/en\/resumes\/nikos-christodoulides\/\" target=\"_blank\" rel=\"noopener\">un historien de renom<\/a>, et son gouvernement de centre droit soutiennent une solution \u00e0 deux \u00c9tats, ce qui n\u2019enchante pas les Etats-Unis et encore moins Isra\u00ebl, mais, lui en est convaincu\u00a0: \u00ab\u00a0c\u2019est, \u00e0 long terme, la seule solution possible\u00a0\u00bb.<\/p>\n<p>Interrog\u00e9 sur une possible solution \u00e0 deux \u00c9tats pour Chypre, il se montre farouchement contre. Seule une r\u00e9unification est envisageable. Depuis 1974 l\u2019\u00eele est coup\u00e9e en deux, occup\u00e9e au Nord par un gouvernement Chypriote pro turc. \u00ab\u00a0Nicosie est la seule capitale europ\u00e9enne encore divis\u00e9e\u00a0\u00bb, soupire-t-il. \u00ab\u00a0Tout peut basculer tr\u00e8s vite, comme on l\u2019a vu par le pass\u00e9.\u00a0\u00bb De r\u00e9cents incidents violents ont eu lieu le long de la zone tampon, la fameuse \u00ab\u00a0ligne verte\u00a0\u00bb, derri\u00e8re laquelle remarque-t-il \u00ab\u00a0sont stationn\u00e9s 40 000 soldats turcs\u00a0\u00bb. Un chiffre \u00e9norme rapport\u00e9 au nombre d\u2019habitants de la petite r\u00e9publique\u00a0: moins d\u2019un million. Dans un discours sur les 50\u00a0ans de la partition, il avait \u00e9voqu\u00e9 <a href=\"https:\/\/cyprus-mail.com\/2025\/11\/07\/kombos-warns-of-existential-threat-as-foreign-ministry-budget-rises\" target=\"_blank\" rel=\"noopener\">\u00ab\u00a0la menace existentielle\u00a0\u00bb<\/a> qu\u2019est la Turquie.<\/p>\n<p>N\u00e9anmoins, l\u2019\u00e9lection en octobre d\u2019un nouveau pr\u00e9sident au nord de l\u2019\u00eele, <a href=\"https:\/\/www.courrierinternational.com\/article\/politique-en-republique-turque-de-chypre-du-nord-l-election-de-tufan-erhurman-sonne-comme-un-message-d-espoir_236514\" target=\"_blank\" rel=\"noopener\">Tufan Erh\u00fcrman<\/a>, partisan de la r\u00e9unification, a fait na\u00eetre de l\u2019espoir chez beaucoup de Chypriotes grecs. Kombos appelle \u00e0 la circonspection. Le pr\u00e9sident Erdogan n\u2019a-t-il pas imm\u00e9diatement r\u00e9agi en d\u00e9clarant qu\u2019il continuerait de \u00ab\u00a0d\u00e9fendre les droits et int\u00e9r\u00eats souverains\u00a0\u00bb du Nord ? Le chef de la diplomatie temp\u00e8re n\u00e9anmoins\u00a0: \u00ab\u00a0Nous tendons la main \u00e0 la Turquie pour discuter. La balle est dans son camp.\u00a0\u00bb<\/p>\n<p>Sur les questions chaudes europ\u00e9ennes aussi, le ministre est prudent. L\u2019Ukraine aura-t-elle sign\u00e9 un trait\u00e9 de paix d\u2019ici \u00e0 la fin de la pr\u00e9sidence chypriote ? Rien n\u2019est moins s\u00fbr. Il faut continuer de la soutenir. Atlantiste convaincu, il appelle \u00e0 une \u00ab\u00a0attitude pragmatique\u00a0\u00bb avec Washington, dont nous Europ\u00e9ens avons grand besoin. \u00ab\u00a0Les Am\u00e9ricains sont un pilier indispensable de notre s\u00e9curit\u00e9.\u00a0\u00bb<\/p>\n<p>S\u2019agissant des migrations, probl\u00e8me lui aussi polarisant chez les 27, celui que le grand quotidien grec Kathimerini qualifie dans un long portrait <a href=\"https:\/\/knews.kathimerini.com.cy\/en\/comment\/opinion\/the-unassuming-constantinos-kombos\" target=\"_blank\" rel=\"noopener\">d\u2019homme \u00ab\u00a0discret mais m\u00e9thodique et efficace\u00a0\u00bb<\/a> et de \u00ab\u00a0force tranquille du gouvernement\u00a0\u00bb estime qu\u2019il faut combattre l\u2019immigration ill\u00e9gale, pour tirer parti de l\u2019immigration l\u00e9gale, dont Chypre a urgemment besoin.<\/p>\n<p>L\u2019\u00e9conomie va si bien, en effet, qu\u2019elle est confront\u00e9e \u00e0 de graves p\u00e9nuries de main-d\u2019\u0153uvre. \u00ab\u00a0Pour y parer nous avons sign\u00e9 des accords avec les \u00c9gyptiens et nous nous tournons d\u00e9sormais vers l\u2019Inde\u00a0\u00bb, r\u00e9v\u00e8le-t-il.<\/p>\n<p>Il para\u00eet loin le temps o\u00f9 Chypre \u00e9tait au bord de la faillite (2012-2013), et ou la distribution de passeports dor\u00e9s \u00e0 des milliers de Chinois et de Russes lui semblait \u00eatre la seule solution de renflouement des finances publiques (2007-2020), au grand dam de Bruxelles. Aujourd\u2019hui la croissance est \u00e0 3 %, les secteurs phare (tourisme, services financiers, transport maritime) se portent bien et le ch\u00f4mage est pass\u00e9 sous la barre des 5 %, alors m\u00eame que Nicosie a rompu avec Moscou, d\u00e8s le d\u00e9but de la guerre en Ukraine, se privant de pr\u00e8s de 800 000 vacanciers et de nombreux investissements russes. \u00ab\u00a0Nous avons proc\u00e9d\u00e9 \u00e0 un virage \u00e0 180 degr\u00e9s\u00a0\u00bb, fait valoir le ministre.<\/p>\n<p>\u00ab\u00a0Apr\u00e8s de nombreuses tergiversations, appr\u00e9cie un diplomate du quai d\u2019Orsay, Chypre se tourne vers l\u2019Occident et progresse sur la voie europ\u00e9enne\u00a0\u00bb. Mieux, l\u2019\u00eele, <a href=\"https:\/\/www.diplomatie.gouv.fr\/fr\/dossiers-pays\/chypre\/presentation-de-chypre\/\" target=\"_blank\" rel=\"noopener\">qui a rejoint l\u2019UE en 2004<\/a>, milite pour ouvrir le club \u00e0 d\u2019autres. \u00ab\u00a0Le Mont\u00e9n\u00e9gro et aussi l\u2019Albanie ont fait des efforts qu\u2019il faut reconna\u00eetre.\u00a0\u00bb Pour lui, l\u2019\u00e9largissement, \u00ab\u00a0puissant outil g\u00e9opolitique\u00a0\u00bb, est indispensable, sans quoi les candidats pourraient finir par se tourner vers la Russie. \u00ab\u00a0Nous leur avons fait des promesses, il faut qu\u2019ils voient la lumi\u00e8re au bout du tunnel.\u00a0\u00bb Le juriste sait de quoi il parle. Chypre a attendu 14\u00a0ans avant d\u2019\u00eatre admise, n\u2019a int\u00e9gr\u00e9 la zone euro qu\u2019en 2008 et est toujours candidate \u00e0 entrer dans Schengen.<\/p>\n<p>La rencontre a eu lieu rue d\u2019Anjou, \u00e0 Paris, dans un h\u00f4tel chic du VIIIe arrondissement le 15\u00a0d\u00e9cembre, aux aurores. Le ministre a ensuite accompagn\u00e9 Nikos Christodoulides, pr\u00e9sident de la R\u00e9publique chypriote, \u00e0 l\u2019\u00c9lys\u00e9e tout proche pour la <a href=\"https:\/\/www.gov.cy\/en\/president-of-the-republic-presidency\/the-president-of-the-republic-of-cyprus-and-the-president-of-the-republic-of-france-signed-today-a-strategic-partnership-agreement-between-the-two-countries-and-a-letter-of-intent-for-schengen\/\" target=\"_blank\" rel=\"noopener\">signature d\u2019un partenariat strat\u00e9gique<\/a> entre les deux pays, pour \u00ab\u00a0approfondir les relations dans les domaines de la d\u00e9fense, de l\u2019\u00e9conomie, de la coop\u00e9ration culturelle, de l\u2019innovation et de l\u2019\u00e9ducation\u00a0\u00bb.<\/p>\n<p>https:\/\/www.challenges.fr\/tag_lieu\/chypre_2031\/<\/p>\n","protected":false},"excerpt":{"rendered":"Il a un air r\u00e9fl\u00e9chi, pos\u00e9, bien loin du style brouillon de certains de ses pr\u00e9d\u00e9cesseurs. Il a&hellip;\n","protected":false},"author":2,"featured_media":611654,"comment_status":"","ping_status":"","sticky":false,"template":"","format":"standard","meta":{"footnotes":""},"categories":[1586],"tags":[11,16996,1777,674,1779,1011,27,664,12,25,3496,1778,220,364],"class_list":{"0":"post-611653","1":"post","2":"type-post","3":"status-publish","4":"format-standard","5":"has-post-thumbnail","7":"category-europe","8":"tag-actualites","9":"tag-chypre","10":"tag-eu","11":"tag-europe","12":"tag-european-union","13":"tag-fr","14":"tag-france","15":"tag-israel","16":"tag-news","17":"tag-republique-francaise","18":"tag-turquie","19":"tag-ue","20":"tag-ukraine","21":"tag-union-europeenne"},"share_on_mastodon":{"url":"https:\/\/pubeurope.com\/@fr\/115751776815117631","error":""},"_links":{"self":[{"href":"https:\/\/www.europesays.com\/fr\/wp-json\/wp\/v2\/posts\/611653","targetHints":{"allow":["GET"]}}],"collection":[{"href":"https:\/\/www.europesays.com\/fr\/wp-json\/wp\/v2\/posts"}],"about":[{"href":"https:\/\/www.europesays.com\/fr\/wp-json\/wp\/v2\/types\/post"}],"author":[{"embeddable":true,"href":"https:\/\/www.europesays.com\/fr\/wp-json\/wp\/v2\/users\/2"}],"replies":[{"embeddable":true,"href":"https:\/\/www.europesays.com\/fr\/wp-json\/wp\/v2\/comments?post=611653"}],"version-history":[{"count":0,"href":"https:\/\/www.europesays.com\/fr\/wp-json\/wp\/v2\/posts\/611653\/revisions"}],"wp:featuredmedia":[{"embeddable":true,"href":"https:\/\/www.europesays.com\/fr\/wp-json\/wp\/v2\/media\/611654"}],"wp:attachment":[{"href":"https:\/\/www.europesays.com\/fr\/wp-json\/wp\/v2\/media?parent=611653"}],"wp:term":[{"taxonomy":"category","embeddable":true,"href":"https:\/\/www.europesays.com\/fr\/wp-json\/wp\/v2\/categories?post=611653"},{"taxonomy":"post_tag","embeddable":true,"href":"https:\/\/www.europesays.com\/fr\/wp-json\/wp\/v2\/tags?post=611653"}],"curies":[{"name":"wp","href":"https:\/\/api.w.org\/{rel}","templated":true}]}}