{"id":611660,"date":"2025-12-20T12:00:42","date_gmt":"2025-12-20T12:00:42","guid":{"rendered":"https:\/\/www.europesays.com\/fr\/611660\/"},"modified":"2025-12-20T12:00:42","modified_gmt":"2025-12-20T12:00:42","slug":"une-galerie-parisienne-vandalisee-lors-dune-exposition-dartistes-palestiniens","status":"publish","type":"post","link":"https:\/\/www.europesays.com\/fr\/611660\/","title":{"rendered":"une galerie parisienne vandalis\u00e9e lors d\u2019une exposition d\u2019artistes palestiniens"},"content":{"rendered":"<p>AA \/ Istanbul \/ Wafae El Baghouani<\/p>\n<p>Une galerie d\u2019art situ\u00e9e dans le 12\u1d49 arrondissement de Paris a \u00e9t\u00e9 vandalis\u00e9e jeudi, en marge de l\u2019ouverture d\u2019une exposition consacr\u00e9e \u00e0 des artistes palestiniens, ont indiqu\u00e9 les responsables du lieu.<\/p>\n<p>La Galerie L\u2019Esprit d\u2019Escalier a d\u00e9couvert, \u00e0 l\u2019ouverture de ses portes, des tags appos\u00e9s sur sa vitrine portant notamment le slogan \u00ab Isra\u00ebl vaincra \u00bb, accompagn\u00e9 d\u2019une \u00e9toile de David, ainsi que d\u2019autres inscriptions offensantes. Les faits sont survenus le jour du vernissage de l\u2019exposition intitul\u00e9e \u00ab Gaza Sumud, trois artistes en r\u00e9sistance \u00bb, programm\u00e9e du 18 au 24 d\u00e9cembre.<\/p>\n<p>L\u2019exposition r\u00e9unit des \u0153uvres des artistes Sohail Salem, Mohammed Zaanoun et Romain Zeder. Le terme sumud, utilis\u00e9 dans le titre, renvoie \u00e0 la notion de r\u00e9silience et de pers\u00e9v\u00e9rance dans la culture palestinienne.<\/p>\n<p>Dans un communiqu\u00e9, les responsables de la galerie ont d\u00e9nonc\u00e9 un acte visant \u00e0 \u00ab perturber et faire taire la voix des artistes expos\u00e9s \u00bb, estimant que ces d\u00e9gradations constituent \u00ab une attaque contre la libert\u00e9 d\u2019expression artistique \u00bb.<br \/>\u00ab En s\u2019en prenant \u00e0 notre espace, les auteurs de cet acte cherchent \u00e0 \u00e9touffer le t\u00e9moignage et la cr\u00e9ativit\u00e9 que porte ce projet \u00bb, ont-ils ajout\u00e9.<\/p>\n<p>Aucune revendication n\u2019a \u00e9t\u00e9 signal\u00e9e \u00e0 ce stade. Une plainte devait \u00eatre d\u00e9pos\u00e9e, selon la galerie. L\u2019exposition a n\u00e9anmoins \u00e9t\u00e9 maintenue et reste ouverte au public jusqu\u2019au 24 d\u00e9cembre.<\/p>\n<p>Les actes de d\u00e9gradation visant des lieux culturels ou associatifs en lien avec la cause palestinienne se sont multipli\u00e9s en France ces derniers mois, dans un contexte de fortes tensions li\u00e9es \u00e0 la situation \u00e0 Gaza.<\/p>\n<p>                            &#13;<br \/>\n                                <a href=\"https:\/\/www.aa.com.tr\/fr\/p\/abonnement\/1001\" target=\"_blank\" style=\"font-size:12px; color:#444; text-decoration:none;\" rel=\"noopener\">&#13;<br \/>\n                                    Seulement une partie des d\u00e9p\u00eaches, que l&rsquo;Agence Anadolu diffuse \u00e0 ses abonn\u00e9s via le Syst\u00e8me de Diffusion interne (HAS), est diffus\u00e9e sur le site de l&rsquo;AA, de mani\u00e8re r\u00e9sum\u00e9e. <b style=\"color:#1897F7\">Contactez-nous s&rsquo;il vous pla\u00eet pour vous abonner.<\/b>&#13;<br \/>\n                                <\/a>&#13;<\/p>\n","protected":false},"excerpt":{"rendered":"AA \/ Istanbul \/ Wafae El Baghouani Une galerie d\u2019art situ\u00e9e dans le 12\u1d49 arrondissement de Paris a&hellip;\n","protected":false},"author":2,"featured_media":611661,"comment_status":"","ping_status":"","sticky":false,"template":"","format":"standard","meta":{"footnotes":""},"categories":[4],"tags":[11,1785,3293,1011,27,10486,665,12,626,25],"class_list":{"0":"post-611660","1":"post","2":"type-post","3":"status-publish","4":"format-standard","5":"has-post-thumbnail","7":"category-france","8":"tag-actualites","9":"tag-anadolu-ajansi","10":"tag-exposition","11":"tag-fr","12":"tag-france","13":"tag-galerie","14":"tag-gaza","15":"tag-news","16":"tag-paris","17":"tag-republique-francaise"},"share_on_mastodon":{"url":"https:\/\/pubeurope.com\/@fr\/115751788455893965","error":""},"_links":{"self":[{"href":"https:\/\/www.europesays.com\/fr\/wp-json\/wp\/v2\/posts\/611660","targetHints":{"allow":["GET"]}}],"collection":[{"href":"https:\/\/www.europesays.com\/fr\/wp-json\/wp\/v2\/posts"}],"about":[{"href":"https:\/\/www.europesays.com\/fr\/wp-json\/wp\/v2\/types\/post"}],"author":[{"embeddable":true,"href":"https:\/\/www.europesays.com\/fr\/wp-json\/wp\/v2\/users\/2"}],"replies":[{"embeddable":true,"href":"https:\/\/www.europesays.com\/fr\/wp-json\/wp\/v2\/comments?post=611660"}],"version-history":[{"count":0,"href":"https:\/\/www.europesays.com\/fr\/wp-json\/wp\/v2\/posts\/611660\/revisions"}],"wp:featuredmedia":[{"embeddable":true,"href":"https:\/\/www.europesays.com\/fr\/wp-json\/wp\/v2\/media\/611661"}],"wp:attachment":[{"href":"https:\/\/www.europesays.com\/fr\/wp-json\/wp\/v2\/media?parent=611660"}],"wp:term":[{"taxonomy":"category","embeddable":true,"href":"https:\/\/www.europesays.com\/fr\/wp-json\/wp\/v2\/categories?post=611660"},{"taxonomy":"post_tag","embeddable":true,"href":"https:\/\/www.europesays.com\/fr\/wp-json\/wp\/v2\/tags?post=611660"}],"curies":[{"name":"wp","href":"https:\/\/api.w.org\/{rel}","templated":true}]}}