{"id":611664,"date":"2025-12-20T12:05:14","date_gmt":"2025-12-20T12:05:14","guid":{"rendered":"https:\/\/www.europesays.com\/fr\/611664\/"},"modified":"2025-12-20T12:05:14","modified_gmt":"2025-12-20T12:05:14","slug":"apres-ses-fulgurances-de-2025-raphael-collignon-veut-garder-le-cap-en-2026-parfois-cest-dur-de-se-lever-le-matin","status":"publish","type":"post","link":"https:\/\/www.europesays.com\/fr\/611664\/","title":{"rendered":"Apr\u00e8s ses fulgurances de 2025, Rapha\u00ebl Collignon veut garder le cap en 2026\u00a0: \u00ab\u00a0Parfois, c&rsquo;est dur de se lever le matin\u00a0\u00bb"},"content":{"rendered":"<p class=\"ap-StoryElement ap-StoryElement--mb ap-StoryText\">Ma victoire au Challenger de Pau en f\u00e9vrier qui m&rsquo;a permis d&rsquo;entrer dans le top 100 apr\u00e8s un d\u00e9but d&rsquo;ann\u00e9e compliqu\u00e9 avec quatre d\u00e9faites cons\u00e9cutives. Ce succ\u00e8s m&rsquo;a aussi permis d&rsquo;acc\u00e9der au tableau principal des Grands Chelems. Ensuite, ma victoire contre Casper Ruud \u00e0 l&rsquo;US Open. Cette perf a d\u00e9bloqu\u00e9 quelque chose en moi au niveau de ma confiance. Cela m&rsquo;a permis de me dire que j&rsquo;\u00e9tais capable de r\u00e9aliser de bonnes choses et peu importe l&rsquo;adversaire. Le troisi\u00e8me, je dirais la Coupe Davis en Australie. Je bats Alex de Minaur puis je r\u00e9ussis \u00e0 g\u00e9rer la pression pour apporter le point d\u00e9cisif \u00e0 la Belgique.<\/p>\n<blockquote class=\"ap-StoryQuote ap-StoryQuote--pullquote\"><p>guillement<\/p>\n<p class=\"ap-StoryQuote-text\">La vie sur le circuit, je ne l&rsquo;appr\u00e9cie pas toujours.\u00a0\u00bb<\/p>\n<\/blockquote>\n<p class=\"ap-StoryElement ap-StoryElement--mb ap-StoryText\"><b>Quel impact a eu votre blessure au pouce, en mai, qui vous prive de Roland-Garros<\/b> <b>?<\/b><\/p>\n<p class=\"ap-StoryElement ap-StoryElement--mb ap-StoryText\">Cela a fait na\u00eetre de la frustration parce que je commen\u00e7ais \u00e0 trouver mon rythme, je jouais bien. Je me suis concentr\u00e9 sur l&rsquo;essentiel avec un travail pour r\u00e9cup\u00e9rer le plus vite possible. J&rsquo;ai refait, aussi, un bloc physique. Il faut savoir que je suis quelqu&rsquo;un qui parfois vit un peu mal la vie sur le circuit avec les voyages et les absences. Cela m&rsquo;a fait du bien d&rsquo;\u00eatre un peu \u00e0 la maison. Ces param\u00e8tres peuvent expliquer ma bonne deuxi\u00e8me moiti\u00e9 de saison.<\/p>\n<p class=\"ap-StoryElement ap-StoryElement--mb ap-StoryText\"><b>Votre coach, Steve Darcis, parle de la saison de la confirmation en 2026. Comment l&rsquo;abordez-vous<\/b> <b>?<\/b><\/p>\n<p class=\"ap-StoryElement ap-StoryElement--mb ap-StoryText\">On m&rsquo;avait d\u00e9j\u00e0 dit \u00e7a pour 2025 apr\u00e8s ma bonne fin d&rsquo;ann\u00e9e 2024. Et finalement j&rsquo;ai un peu plus que confirm\u00e9. Je ne me fais pas de soucis. Je travaille dans la bonne direction. J&rsquo;esp\u00e8re faire mieux en 2026 qu&rsquo;en 2025.<\/p>\n<p><a href=\"https:\/\/www.dhnet.be\/sports\/tennis\/2025\/12\/17\/troisieme-meilleur-coach-de-lannee-steve-darcis-lance-la-saison-2026-alcaraz-et-sinner-probablement-plus-forts-que-federer-nadal-et-djokovic-26JGE774VNFRVIU57AVXUZ26XI\/\" target=\"_self\" class=\"ap-StoryInterstitialLink ap-StoryElement ap-StoryElement--mb\" rel=\"noopener\">Steve Darcis lance la saison 2026&#8230;<\/a><\/p>\n<p class=\"ap-StoryElement ap-StoryElement--mb ap-StoryText\"><b>Sur quels aspects travaillez-vous pour vous am\u00e9liorer<\/b> <b>?<\/b><\/p>\n<p class=\"ap-StoryElement ap-StoryElement--mb ap-StoryText\">\u00catre un peu plus offensif, automatiser mon jeu vers l&rsquo;avant, plus finir les points au filet. On sait que du fond, je suis fort, que je sais tenir longtemps. Mais \u00e0 un certain niveau, il faut aller chercher les points. C&rsquo;est ce que j&rsquo;ai encore du mal \u00e0 faire. On y travaille. On a un peu chang\u00e9 mon service pour avoir un peu plus de pr\u00e9cision, un peu plus de force. Et mentalement, j&rsquo;apprends \u00e0 mieux g\u00e9rer le stress. Cela va d\u00e9j\u00e0 mieux. Dans le pass\u00e9 j&rsquo;ai parfois rat\u00e9 mes d\u00e9buts de match \u00e0 cause de cette pression. Ma marge de progression est encore grande dans de nombreux domaines.<\/p>\n<p class=\"ap-StoryElement ap-StoryElement--mb ap-StoryText\"><b>D&rsquo;o\u00f9 vous viennent ces dispositions pour un jeu plus d\u00e9fensif alors que vous culminez \u00e0 plus d&rsquo;1,90m<\/b> <b>?<\/b><\/p>\n<p class=\"ap-StoryElement ap-StoryElement--mb ap-StoryText\">Quand j&rsquo;\u00e9tais enfant, j&rsquo;\u00e9tais un des plus petits. Je devais beaucoup frapper, faire jouer et me battre pour gagner mes matchs. Mettre la balle dans le terrain, ne pas faire de fautes, voil\u00e0 les leitmotivs qui me motivaient. C&rsquo;est ce style qui parfois me joue encore des tours.<\/p>\n<p class=\"ap-StoryElement ap-StoryElement--mb ap-StoryText\"><b>Selon nos informations, un nouveau membre a rejoint votre staff\u2026<\/b><\/p>\n<p class=\"ap-StoryElement ap-StoryElement--mb ap-StoryText\">Oui, un sp\u00e9cialiste des stats. Je joue maintenant contre des mecs plus forts, chaque d\u00e9tail peut faire la diff\u00e9rence. Cette personne va analyser mes adversaires et on tentera de se servir de ce travail pour \u00eatre meilleur. Il a d\u00e9j\u00e0 envoy\u00e9 quelques chiffres \u00e0 Steve et c&rsquo;est coh\u00e9rent.<\/p>\n<p class=\"ap-StoryElement ap-StoryElement--mb ap-StoryText\"><b>Avec votre ranking, quel programme avez-vous pr\u00e9vu pour le d\u00e9but de saison<\/b> <b>?<\/b><\/p>\n<p class=\"ap-StoryElement ap-StoryElement--mb ap-StoryText\">Je ne suis pas encore ancr\u00e9 dans le top 100. Je vais faire un peu plus d&rsquo;ATP mais je vais continuer \u00e0 mixer avec des gros Challengers. Le programme va s&rsquo;adapter en fonction des r\u00e9sultats. En d\u00e9but de saison, je vais participer aux qualifs de Brisbane et d&rsquo;Ad\u00e9la\u00efde (ATP 250) puis participer \u00e0 l&rsquo;Australian Open. Ensuite, il y aura la Coupe Davis.<\/p>\n<blockquote class=\"ap-StoryQuote ap-StoryQuote--pullquote\"><p>guillement<\/p>\n<p class=\"ap-StoryQuote-text\">Steve est sur mon dos, parfois c&rsquo;est difficile \u00e0 accepter, mais c&rsquo;est n\u00e9cessaire.\u00a0\u00bb <\/p>\n<\/blockquote>\n<p class=\"ap-StoryElement ap-StoryElement--mb ap-StoryText\"><b>Quelle est votre relation avec Steve Darcis qui n&rsquo;h\u00e9site pas \u00e0 vous secouer ?<\/b><\/p>\n<p class=\"ap-StoryElement ap-StoryElement--mb ap-StoryText\">Il sait comment me faire r\u00e9agir et j&rsquo;ai besoin de \u00e7a, de quelqu&rsquo;un qui est derri\u00e8re mon dos. M\u00eame si parfois j&rsquo;ai du mal \u00e0 l&rsquo;accepter. Mais c&rsquo;est vrai que j&rsquo;ai tendance \u00e0 un peu me laisser aller et \u00e7a, il l&rsquo;a compris. C&rsquo;est pour cela que notre collaboration marche si bien. C&rsquo;est plus qu&rsquo;une relation coach-joueur. J&rsquo;ai pris conscience de tout ce qu&rsquo;il me disait depuis des ann\u00e9es. Que j&rsquo;\u00e9tais capable de battre des bons joueurs. Parfois j&rsquo;avais du mal \u00e0 y croire. J&rsquo;ai totalement confiance en lui, sa l\u00e9gitimit\u00e9 est incroyable.<\/p>\n<p><a href=\"https:\/\/www.dhnet.be\/sports\/tennis\/2025\/10\/20\/la-reussite-de-raphael-collignon-a-un-cout-plus-de-100-000-euros-par-an-QIPDCTIDY5GQFGOE4K2JZRJ2AE\/\" target=\"_self\" class=\"ap-StoryInterstitialLink ap-StoryElement ap-StoryElement--mb\" rel=\"noopener\">La r\u00e9ussite de Rapha\u00ebl Collignon a un co\u00fbt : \u00ab\u00a0Plus de 100 000 euros par an\u00a0\u00bb<\/a><\/p>\n<p class=\"ap-StoryElement ap-StoryElement--mb ap-StoryText\"><b>Avez-vous pris conscience qu&rsquo;il faut travailler dur pour ne pas passer \u00e0 c\u00f4t\u00e9 de belles opportunit\u00e9s<\/b> <b>?<\/b><\/p>\n<p class=\"ap-StoryElement ap-StoryElement--mb ap-StoryText\">Oui ! Parfois, c&rsquo;est dur de se lever le matin pour partir s&rsquo;entra\u00eener. Tout le monde voit le beau c\u00f4t\u00e9 du tennis quand on gagne des matchs, mais il y a tellement de travail derri\u00e8re, d&rsquo;absences pour les proches. Parfois j&rsquo;en ai marre. Mais je ne veux pas vivre avec des regrets. C&rsquo;est maintenant qu&rsquo;il faut bosser.<\/p>\n","protected":false},"excerpt":{"rendered":"Ma victoire au Challenger de Pau en f\u00e9vrier qui m&rsquo;a permis d&rsquo;entrer dans le top 100 apr\u00e8s un&hellip;\n","protected":false},"author":2,"featured_media":611665,"comment_status":"","ping_status":"","sticky":false,"template":"","format":"standard","meta":{"footnotes":""},"categories":[1415],"tags":[1011,27,1227,60,1467],"class_list":{"0":"post-611664","1":"post","2":"type-post","3":"status-publish","4":"format-standard","5":"has-post-thumbnail","7":"category-tennis","8":"tag-fr","9":"tag-france","10":"tag-horizontal","11":"tag-sports","12":"tag-tennis"},"share_on_mastodon":{"url":"https:\/\/pubeurope.com\/@fr\/115751808087869405","error":""},"_links":{"self":[{"href":"https:\/\/www.europesays.com\/fr\/wp-json\/wp\/v2\/posts\/611664","targetHints":{"allow":["GET"]}}],"collection":[{"href":"https:\/\/www.europesays.com\/fr\/wp-json\/wp\/v2\/posts"}],"about":[{"href":"https:\/\/www.europesays.com\/fr\/wp-json\/wp\/v2\/types\/post"}],"author":[{"embeddable":true,"href":"https:\/\/www.europesays.com\/fr\/wp-json\/wp\/v2\/users\/2"}],"replies":[{"embeddable":true,"href":"https:\/\/www.europesays.com\/fr\/wp-json\/wp\/v2\/comments?post=611664"}],"version-history":[{"count":0,"href":"https:\/\/www.europesays.com\/fr\/wp-json\/wp\/v2\/posts\/611664\/revisions"}],"wp:featuredmedia":[{"embeddable":true,"href":"https:\/\/www.europesays.com\/fr\/wp-json\/wp\/v2\/media\/611665"}],"wp:attachment":[{"href":"https:\/\/www.europesays.com\/fr\/wp-json\/wp\/v2\/media?parent=611664"}],"wp:term":[{"taxonomy":"category","embeddable":true,"href":"https:\/\/www.europesays.com\/fr\/wp-json\/wp\/v2\/categories?post=611664"},{"taxonomy":"post_tag","embeddable":true,"href":"https:\/\/www.europesays.com\/fr\/wp-json\/wp\/v2\/tags?post=611664"}],"curies":[{"name":"wp","href":"https:\/\/api.w.org\/{rel}","templated":true}]}}