{"id":611666,"date":"2025-12-20T12:09:13","date_gmt":"2025-12-20T12:09:13","guid":{"rendered":"https:\/\/www.europesays.com\/fr\/611666\/"},"modified":"2025-12-20T12:09:13","modified_gmt":"2025-12-20T12:09:13","slug":"vous-facturer-pour-consulter-vos-propres-kilometres-parcourus","status":"publish","type":"post","link":"https:\/\/www.europesays.com\/fr\/611666\/","title":{"rendered":"vous facturer pour consulter vos propres kilom\u00e8tres parcourus"},"content":{"rendered":"<p class=\"sc-9e1vpx-0 jVoltE\">La man\u0153uvre laisse perplexe tant elle semble aller \u00e0 contre-courant des lois \u00e9l\u00e9mentaires du marketing viral. Les g\u00e9ants du divertissement comme Spotify ou YouTube ont bien compris que ces bilans annuels sont de formidables vecteurs de publicit\u00e9 gratuite. Lorsqu&rsquo;un utilisateur partage fi\u00e8rement ses statistiques d&rsquo;\u00e9coute ou de jeu, il devient un ambassadeur b\u00e9n\u00e9vole de la marque aupr\u00e8s de sa communaut\u00e9. En \u00e9rigeant un mur payant devant ces graphiques partageables, Strava se tire une balle dans le pied en r\u00e9duisant drastiquement sa visibilit\u00e9 organique sur Instagram et autres plateformes sociales.\u200b<\/p>\n<p class=\"sc-9e1vpx-0 jVoltE\">L&rsquo;entreprise aux 180 millions d&rsquo;utilisateurs semble avoir oubli\u00e9 que la viralit\u00e9 ne se d\u00e9cr\u00e8te pas mais se cultive. En voulant forcer la conversion vers l&rsquo;abonnement payant, elle risque surtout de briser la dynamique communautaire qui faisait sa force. Les coureurs du dimanche comme les athl\u00e8tes chevronn\u00e9s pourraient bien d\u00e9cider que leurs statistiques n&rsquo;ont pas besoin d&rsquo;\u00eatre emball\u00e9es dans un joli paquet payant pour avoir de la valeur. Reste \u00e0 voir si cette strat\u00e9gie du b\u00e2ton portera ses fruits ou si elle incitera les sportifs \u00e0 aller voir si l&rsquo;herbe est plus verte et surtout plus gratuite ailleurs.<\/p>\n","protected":false},"excerpt":{"rendered":"La man\u0153uvre laisse perplexe tant elle semble aller \u00e0 contre-courant des lois \u00e9l\u00e9mentaires du marketing viral. Les g\u00e9ants&hellip;\n","protected":false},"author":2,"featured_media":611667,"comment_status":"","ping_status":"","sticky":false,"template":"","format":"standard","meta":{"footnotes":""},"categories":[1411],"tags":[1154,207,1011,27,60],"class_list":{"0":"post-611666","1":"post","2":"type-post","3":"status-publish","4":"format-standard","5":"has-post-thumbnail","7":"category-cyclisme","8":"tag-cycling","9":"tag-cyclisme","10":"tag-fr","11":"tag-france","12":"tag-sports"},"share_on_mastodon":{"url":"https:\/\/pubeurope.com\/@fr\/115751823938365517","error":""},"_links":{"self":[{"href":"https:\/\/www.europesays.com\/fr\/wp-json\/wp\/v2\/posts\/611666","targetHints":{"allow":["GET"]}}],"collection":[{"href":"https:\/\/www.europesays.com\/fr\/wp-json\/wp\/v2\/posts"}],"about":[{"href":"https:\/\/www.europesays.com\/fr\/wp-json\/wp\/v2\/types\/post"}],"author":[{"embeddable":true,"href":"https:\/\/www.europesays.com\/fr\/wp-json\/wp\/v2\/users\/2"}],"replies":[{"embeddable":true,"href":"https:\/\/www.europesays.com\/fr\/wp-json\/wp\/v2\/comments?post=611666"}],"version-history":[{"count":0,"href":"https:\/\/www.europesays.com\/fr\/wp-json\/wp\/v2\/posts\/611666\/revisions"}],"wp:featuredmedia":[{"embeddable":true,"href":"https:\/\/www.europesays.com\/fr\/wp-json\/wp\/v2\/media\/611667"}],"wp:attachment":[{"href":"https:\/\/www.europesays.com\/fr\/wp-json\/wp\/v2\/media?parent=611666"}],"wp:term":[{"taxonomy":"category","embeddable":true,"href":"https:\/\/www.europesays.com\/fr\/wp-json\/wp\/v2\/categories?post=611666"},{"taxonomy":"post_tag","embeddable":true,"href":"https:\/\/www.europesays.com\/fr\/wp-json\/wp\/v2\/tags?post=611666"}],"curies":[{"name":"wp","href":"https:\/\/api.w.org\/{rel}","templated":true}]}}