{"id":611668,"date":"2025-12-20T12:10:17","date_gmt":"2025-12-20T12:10:17","guid":{"rendered":"https:\/\/www.europesays.com\/fr\/611668\/"},"modified":"2025-12-20T12:10:17","modified_gmt":"2025-12-20T12:10:17","slug":"national-3-stephane-ziani-fc-nantes-suspendu-16-matchs","status":"publish","type":"post","link":"https:\/\/www.europesays.com\/fr\/611668\/","title":{"rendered":"National 3. St\u00e9phane Ziani (FC Nantes) suspendu 16 matchs !"},"content":{"rendered":"<p><img loading=\"lazy\" decoding=\"async\" width=\"696\" height=\"464\" class=\"lazyload entry-thumb\" src=\"https:\/\/www.europesays.com\/fr\/wp-content\/uploads\/2025\/12\/Stephane-Ziani-696x464.jpg\" alt=\"St\u00e9phane Ziani\" title=\"St\u00e9phane Ziani\"\/>St\u00e9phane Ziani sur le banc de l&rsquo;\u00e9quipe r\u00e9serve du FC Nantes. (Photo Philippe Le Brech)<\/p>\n<p style=\"font-size:20px\"><strong>La commission f\u00e9d\u00e9rale de discipline a tr\u00e8s lourdement sanctionn\u00e9 St\u00e9phane Ziani, l\u2019entra\u00eeneur de la r\u00e9serve du FC Nantes, de 16 matchs de suspension.<\/strong><\/p>\n<p><strong>\u00ab\u00a0Comportement blessant et intimidant au cours de la rencontre.\u00a0\u00bb<\/strong> Le motif de la suspension de St\u00e9phane Ziani n\u2019augurait pas une aussi lourde sanction. Le 7 d\u00e9cembre dernier, une altercation avait eu lieu entre l\u2019entra\u00eeneur de la r\u00e9serve du FC Nantes et Jules Chatagnau, joueur de l\u2019USSA Vertou, \u00e0 l\u2019issue du match de National 3 entre les deux \u00e9quipes. Le joueur vertavien avait pouss\u00e9 le technicien nantais alors qu\u2019il insultait son entra\u00eeneur.<\/p>\n<p>Comme l\u2019a indiqu\u00e9 <a href=\"https:\/\/www.ouest-france.fr\/sport\/football\/fc-nantes\/info-presse-ocean-fc-nantes-un-entraineur-du-centre-de-formation-tres-severement-sanctionne-7639865e-dcec-11f0-84e2-922db77b2982\" target=\"_blank\" rel=\"noreferrer noopener\">Presse Oc\u00e9an<\/a>, l\u2019ancien milieu de terrain des Canaris s\u2019est vu sanctionn\u00e9 de seize matchs de suspension. Le joueur vertavien n\u2019a \u00e9cop\u00e9 que de cinq matchs. Il semble que la commission f\u00e9d\u00e9rale de discipline ait compil\u00e9 deux sanctions : comportement blessant (deux matchs) et comportement intimidant (quatorze matchs). Le contentieux entre St\u00e9phane Ziani et les Vertaviens date du match retour de la saison derni\u00e8re o\u00f9 l\u2019entra\u00eeneur nantais avait d\u00e9nonc\u00e9 le comportement de son adversaire.<\/p>\n<p>Le technicien et le FC Nantes ont d\u00e9cid\u00e9 de faire appel de cette sanction. Si elle \u00e9tait confirm\u00e9e, St\u00e9phane Ziani ne pourrait pas s\u2019asseoir sur le banc cette saison. Il reste d\u2019ailleurs seize matchs \u00e0 jouer pour la r\u00e9serve nantaise avec son match \u00e0 rejouer contre Les Sables d\u2019Olonne.<\/p>\n<p><a href=\"https:\/\/footamateur.ouest-france.fr\/author\/jerome\/\" class=\"url\" title=\"J\u00e9rome Bouchacourt\" target=\"_blank\" rel=\"noopener\"> <img decoding=\"async\" src=\"https:\/\/www.europesays.com\/fr\/wp-content\/uploads\/2025\/04\/moi.jpg\" class=\"lazyload photo\" width=\"250\" alt=\"J\u00e9rome Bouchacourt\"\/><\/a><\/p>\n<p>SEO et r\u00e9dacteur en chef chez Sports M\u00e9dia<\/p>\n<p>Petit Suisse originaire de Lausanne, au bord du Lac L\u00e9man, biberonn\u00e9 au Beaujolais depuis ses deux ans, J\u00e9r\u00f4me a migr\u00e9 dans la r\u00e9gion nantaise au d\u00e9but des ann\u00e9es 2000. Fan de football amateur, de ses rencontres, ses terrains bossel\u00e9s, ses buvettes conviviales, il est aussi un bon vivant qui adore la cuisine lyonnaise ! Fondateur de Footamateur.fr en mai 2014.<\/p>\n<p><a href=\"https:\/\/footamateur.ouest-france.fr\/author\/jerome\/\" class=\"url\" title=\"J\u00e9rome Bouchacourt\" target=\"_blank\" rel=\"noopener\"><img decoding=\"async\" src=\"https:\/\/www.europesays.com\/fr\/wp-content\/uploads\/2025\/04\/moi.jpg\" class=\"lazyload photo\" width=\"250\" alt=\"J\u00e9rome Bouchacourt\"\/><\/a>Les derniers articles par J\u00e9rome Bouchacourt (<a href=\"https:\/\/footamateur.ouest-france.fr\/author\/jerome\/\" target=\"_blank\" rel=\"noopener\">tout voir<\/a>)<\/p>\n","protected":false},"excerpt":{"rendered":"St\u00e9phane Ziani sur le banc de l&rsquo;\u00e9quipe r\u00e9serve du FC Nantes. (Photo Philippe Le Brech) La commission f\u00e9d\u00e9rale&hellip;\n","protected":false},"author":2,"featured_media":611669,"comment_status":"","ping_status":"","sticky":false,"template":"","format":"standard","meta":{"footnotes":""},"categories":[1410],"tags":[462,63,1011,27,60,72276],"class_list":{"0":"post-611668","1":"post","2":"type-post","3":"status-publish","4":"format-standard","5":"has-post-thumbnail","7":"category-football","8":"tag-fc-nantes","9":"tag-football","10":"tag-fr","11":"tag-france","12":"tag-sports","13":"tag-stephane-ziani"},"share_on_mastodon":{"url":"https:\/\/pubeurope.com\/@fr\/115751828994018869","error":""},"_links":{"self":[{"href":"https:\/\/www.europesays.com\/fr\/wp-json\/wp\/v2\/posts\/611668","targetHints":{"allow":["GET"]}}],"collection":[{"href":"https:\/\/www.europesays.com\/fr\/wp-json\/wp\/v2\/posts"}],"about":[{"href":"https:\/\/www.europesays.com\/fr\/wp-json\/wp\/v2\/types\/post"}],"author":[{"embeddable":true,"href":"https:\/\/www.europesays.com\/fr\/wp-json\/wp\/v2\/users\/2"}],"replies":[{"embeddable":true,"href":"https:\/\/www.europesays.com\/fr\/wp-json\/wp\/v2\/comments?post=611668"}],"version-history":[{"count":0,"href":"https:\/\/www.europesays.com\/fr\/wp-json\/wp\/v2\/posts\/611668\/revisions"}],"wp:featuredmedia":[{"embeddable":true,"href":"https:\/\/www.europesays.com\/fr\/wp-json\/wp\/v2\/media\/611669"}],"wp:attachment":[{"href":"https:\/\/www.europesays.com\/fr\/wp-json\/wp\/v2\/media?parent=611668"}],"wp:term":[{"taxonomy":"category","embeddable":true,"href":"https:\/\/www.europesays.com\/fr\/wp-json\/wp\/v2\/categories?post=611668"},{"taxonomy":"post_tag","embeddable":true,"href":"https:\/\/www.europesays.com\/fr\/wp-json\/wp\/v2\/tags?post=611668"}],"curies":[{"name":"wp","href":"https:\/\/api.w.org\/{rel}","templated":true}]}}