{"id":61167,"date":"2025-04-29T06:49:09","date_gmt":"2025-04-29T06:49:09","guid":{"rendered":"https:\/\/www.europesays.com\/fr\/61167\/"},"modified":"2025-04-29T06:49:09","modified_gmt":"2025-04-29T06:49:09","slug":"la-tunisie-bientot-classee-comme-pays-sur-par-lunion-europeenne-jeune-afrique","status":"publish","type":"post","link":"https:\/\/www.europesays.com\/fr\/61167\/","title":{"rendered":"La Tunisie bient\u00f4t class\u00e9e comme \u00ab pays s\u00fbr \u00bb par l\u2019Union europ\u00e9enne ? &#8211; Jeune Afrique"},"content":{"rendered":"<ol>\n<li><a href=\"https:\/\/news.google.com\/rss\/articles\/CBMisAFBVV95cUxPNmc3ZGRVOU00WU5MRS1zbkNnbWtRUlQxdEVNN3BQcjJGdUtMV05scWdSNzhVODRvdmx5LUQ5dlo1WEhvd1pqbi1pQl9wa0hzOWRlak1CYmpqQlJjem5GTms2UFBGZEJPNFowblZyOFR3UXBVX3hrVldCdl9yMWRXRlRXM1lNZ21zM3ZHQTFDVVhhbk8zYUVncEdrbG1HN2JnOU1mX1RfME9jUjBFUTZIdQ?oc=5\" target=\"_blank\" rel=\"nofollow noopener\">La Tunisie bient\u00f4t class\u00e9e comme \u00ab pays s\u00fbr \u00bb par l\u2019Union europ\u00e9enne ?<\/a>&nbsp;&nbsp;Jeune Afrique<\/li>\n<li><a href=\"https:\/\/news.google.com\/rss\/articles\/CBMizAFBVV95cUxPNEtYNHZNVndZVUVKckhZeWVoRzlkdFdNYzNQVEFuWGVrZm5IS3hyaG1IY3VUQVBRa3ZNakx1eHBmU0JQNUlzSFowaTRSaGtIOU53Qmh0VEkyYVRZNFEtQUhENGg0ZFRTR21SY0tGRDEzWjNaSTVVZ2g0em5BYkpzQ3FZb214NXFBMDRLV2xGZmpibElOOHJSOEtFWmFjUEgzTS1ISGpMd2hUTnRyRlBuUEMtcnhTcUdoMUxiYU5HTUJkdVJ1QXVHcFlfdEo?oc=5\" target=\"_blank\" rel=\"nofollow noopener\">Droit d&rsquo;asile : en quoi consiste la liste de \u00ab\u00a0pays s\u00fbrs\u00a0\u00bb \u00e9tablie par la Commission europ\u00e9enne ?<\/a>&nbsp;&nbsp;InfoMigrants<\/li>\n<li><a href=\"https:\/\/news.google.com\/rss\/articles\/CBMiuAFBVV95cUxOZWxFQ2JkTkFoNmhmM2M4MUJwMG1tVDdfcHhKTVBnVjcyeWEwWXpwdGNJUWQ1bkJHLVFBZG9nVlJFQVpzRVJ3Vi15MFFYcUJJUHVsRVhqUU15d2xzTXNJT21RWkFBTlhEYVhCYUdYQzFpaEw3U1pKOEtRQkFfckJKaXNmd1RHaWtFSzFVdUxQZjRYWUpMWTcxV2RudWR4U0VqbnhrVkt5US1ISFdQek4tVVlaRVVxVE1V?oc=5\" target=\"_blank\" rel=\"nofollow noopener\">\u00c9gypte, Maroc et Tunisie class\u00e9s \u201cpays s\u00fbrs\u201d : l\u2019UE \u201cignore la r\u00e9alit\u00e9\u201d<\/a>&nbsp;&nbsp;Courrier international<\/li>\n<li><a href=\"https:\/\/news.google.com\/rss\/articles\/CBMi7AFBVV95cUxPamRKWlBhVk5yTllWOU11NFNDVm1ITDh2bFl0eVFCMUtkSWpMLVd3eVlENGFpTTVZd2JNMFZWUnVfSUxYSXNYRkliQVM5b3ZDWU95czFaM0QwVEwwSW0yZUx2MWwxUHpoeUtlU3VBa0FoQ1l2bmlMZWE2clZMd196NUNkYldmQjJtbmx2RXhaeTVscVJCazNkWjR4aHRLOWZBbEh3VzRyRHBGZDZqYl92RFNNYl9LSG1heTZJLXdINW1qUXdFUE9MRFdVVndXT0dPbGdfNUlGTE5XMFM1ZUFwUWo0QklCLUN6Sjd5UQ?oc=5\" target=\"_blank\" rel=\"nofollow noopener\">Acc\u00e9l\u00e9ration du Pacte sur la migration : la Tunisie sur la liste europ\u00e9enne des pays d&rsquo;origine s\u00fbrs<\/a>&nbsp;&nbsp;businessnews.com.tn<\/li>\n<li><a href=\"https:\/\/news.google.com\/rss\/articles\/CBMiswFBVV95cUxPMEhKWkVOLUl6WWlNWVJjdW5NT2VhVTN1aWVkaGp2UWZvRTZBQVpheHhpVlRpWFFPaUtYRXRpTURISHVOVldTbEpkWHFIODRIeC03Mm1aVGF3Vm1HUmVtWWdIYVV3aU5qeDhsSUEzN3hLSnJTQ3pydl9iMnBVM3lFS25NWDRkbWZlUjBadGY2S1lfdHZrek5rcTR2YnBlbGZJNkxCTEIxU2tBejNENnZhSTdtVQ?oc=5\" target=\"_blank\" rel=\"nofollow noopener\">L&rsquo;UE propose de les renvoyer plus rapidement au Kosovo : que disent les donn\u00e9es sur les demandeurs d&rsquo;asile<\/a>&nbsp;&nbsp;KOHA.net<\/li>\n<\/ol>\n","protected":false},"excerpt":{"rendered":"La Tunisie bient\u00f4t class\u00e9e comme \u00ab pays s\u00fbr \u00bb par l\u2019Union europ\u00e9enne ?&nbsp;&nbsp;Jeune Afrique Droit d&rsquo;asile : en&hellip;\n","protected":false},"author":2,"featured_media":61168,"comment_status":"","ping_status":"","sticky":false,"template":"","format":"standard","meta":{"footnotes":""},"categories":[1586],"tags":[47,11,1777,674,1779,1011,27,15891,15892,12,316,25,1778,364],"class_list":{"0":"post-61167","1":"post","2":"type-post","3":"status-publish","4":"format-standard","5":"has-post-thumbnail","7":"category-europe","8":"tag-actualite","9":"tag-actualites","10":"tag-eu","11":"tag-europe","12":"tag-european-union","13":"tag-fr","14":"tag-france","15":"tag-frida-dahmani","16":"tag-kais-saied","17":"tag-news","18":"tag-politique","19":"tag-republique-francaise","20":"tag-ue","21":"tag-union-europeenne"},"share_on_mastodon":{"url":"https:\/\/pubeurope.com\/@fr\/114419922633313606","error":""},"_links":{"self":[{"href":"https:\/\/www.europesays.com\/fr\/wp-json\/wp\/v2\/posts\/61167","targetHints":{"allow":["GET"]}}],"collection":[{"href":"https:\/\/www.europesays.com\/fr\/wp-json\/wp\/v2\/posts"}],"about":[{"href":"https:\/\/www.europesays.com\/fr\/wp-json\/wp\/v2\/types\/post"}],"author":[{"embeddable":true,"href":"https:\/\/www.europesays.com\/fr\/wp-json\/wp\/v2\/users\/2"}],"replies":[{"embeddable":true,"href":"https:\/\/www.europesays.com\/fr\/wp-json\/wp\/v2\/comments?post=61167"}],"version-history":[{"count":0,"href":"https:\/\/www.europesays.com\/fr\/wp-json\/wp\/v2\/posts\/61167\/revisions"}],"wp:featuredmedia":[{"embeddable":true,"href":"https:\/\/www.europesays.com\/fr\/wp-json\/wp\/v2\/media\/61168"}],"wp:attachment":[{"href":"https:\/\/www.europesays.com\/fr\/wp-json\/wp\/v2\/media?parent=61167"}],"wp:term":[{"taxonomy":"category","embeddable":true,"href":"https:\/\/www.europesays.com\/fr\/wp-json\/wp\/v2\/categories?post=61167"},{"taxonomy":"post_tag","embeddable":true,"href":"https:\/\/www.europesays.com\/fr\/wp-json\/wp\/v2\/tags?post=61167"}],"curies":[{"name":"wp","href":"https:\/\/api.w.org\/{rel}","templated":true}]}}