{"id":611670,"date":"2025-12-20T12:11:11","date_gmt":"2025-12-20T12:11:11","guid":{"rendered":"https:\/\/www.europesays.com\/fr\/611670\/"},"modified":"2025-12-20T12:11:11","modified_gmt":"2025-12-20T12:11:11","slug":"ce-que-laeticia-a-recupere","status":"publish","type":"post","link":"https:\/\/www.europesays.com\/fr\/611670\/","title":{"rendered":"ce que Laeticia a r\u00e9cup\u00e9r\u00e9"},"content":{"rendered":"<p>Maison de Johnny Hallyday \u00e0 Marnes-la-Coquette : La Savannah<br \/>\nvendue, mais combien pour Laeticia ?<\/p>\n<p>Embl\u00e8me d\u2019un certain art de vivre, <strong>La Savannah<\/strong><br \/>\na enfin quitt\u00e9 le portefeuille Hallyday. \u00c0<br \/>\n<strong>Marnes-la-Coquette<\/strong>, dans les Hauts-de-Seine, cette<br \/>\nadresse s\u00e9curis\u00e9e o\u00f9 le chanteur s\u2019est \u00e9teint dans la nuit du 5 au<br \/>\n6 d\u00e9cembre 2017 a longtemps r\u00e9sist\u00e9 aux offres. Sept ann\u00e9es<br \/>\nd\u2019attente, des visites innombrables, et un voile d\u2019\u00e9motion qui ne<br \/>\ns\u2019est jamais dissip\u00e9. La demeure s\u2019est vendue en 2025. Reste une<br \/>\nquestion qui obs\u00e8de les fans et les curieux.<\/p>\n<p>Le couple l\u2019avait achet\u00e9e en 1999 pour environ <strong>5<br \/>\nmillions d\u2019euros<\/strong>, puis r\u00e9nov\u00e9e en 2010. Sur 1 031 m\u00b2, avec<br \/>\nmaison principale de 970 m\u00b2 et maison d\u2019amis de 65 m\u00b2, la propri\u00e9t\u00e9<br \/>\ns\u2019\u00e9tend sur un parc de 6 449 m\u00b2 avec piscine et court de tennis.<br \/>\nL\u2019int\u00e9rieur aligne salon, salle \u00e0 manger, bureau et salle de<br \/>\ncin\u00e9ma, jusqu\u2019\u00e0 une grande salle de jeux sous les toits. C\u2019est la<br \/>\nmaison o\u00f9 Johnny et <strong>Laeticia Hallyday<\/strong> ont v\u00e9cu \u00e0<br \/>\nl\u2019\u00e9cart, entre Paris, Los Angeles et Saint-Barth.<\/p>\n<p>De 26 millions affich\u00e9s \u00e0 environ 8 : la maison de Johnny<br \/>\nHallyday enfin vendue<\/p>\n<p>Apr\u00e8s le d\u00e9c\u00e8s du rockeur, la maison a \u00e9t\u00e9 mise en vente,<br \/>\nd\u2019abord \u00e0 <strong>26 millions d\u2019euros<\/strong>. Curiosit\u00e9 au<br \/>\nrendez-vous, acheteurs s\u00e9rieux beaucoup moins. L\u2019op\u00e9ration a<br \/>\ntra\u00een\u00e9, jusqu\u2019\u00e0 une cession en <strong>juin 2025<\/strong> autour de<br \/>\n<strong>8 millions d\u2019euros<\/strong>. Johnny refusait, de son<br \/>\nvivant, de descendre sous 17 millions, mais le march\u00e9 a tranch\u00e9.<br \/>\nL\u2019identit\u00e9 de l\u2019acqu\u00e9reur demeure confidentielle.<\/p>\n<p>Ce manoir de Marnes-la-Coquette reste un bien d\u2019exception :<br \/>\nentr\u00e9e magistrale, vastes r\u00e9ceptions, suites avec dressings. Au<br \/>\nsous-sol, lingerie, locaux techniques et r\u00e9serves. L\u2019ensemble est<br \/>\nclimatis\u00e9, desservi par escalier et ascenseur. Un cadre taill\u00e9 pour<br \/>\nla discr\u00e9tion, dans une commune souvent surnomm\u00e9e le village des<br \/>\nmilliardaires.<\/p>\n<p>8 millions sur le papier, beaucoup moins dans la poche : ce que<br \/>\nLaeticia a r\u00e9ellement touch\u00e9<\/p>\n<p>Le chiffre de <strong>8 millions d\u2019euros<\/strong> correspond au<br \/>\nprix brut de la transaction. Ce n\u2019est pas le montant qu\u2019encaisse<br \/>\n<strong>Laeticia Hallyday<\/strong> une fois r\u00e9gl\u00e9s les cr\u00e9anciers,<br \/>\nimp\u00f4ts \u00e9ventuels et frais li\u00e9s \u00e0 la vente. Un \u00e9l\u00e9ment, en revanche,<br \/>\nest document\u00e9 : apr\u00e8s la disparition de Johnny, Laeticia a fait<br \/>\nface \u00e0 une <strong>dette fiscale<\/strong> lourde que lui a laiss\u00e9e<br \/>\nson mari. Elle a d\u00e9cid\u00e9 de c\u00e9der la propri\u00e9t\u00e9 pour faire face.<\/p>\n<p>Dans ce contexte, pleins feux sur la taille de l\u2019ardoise. Les<br \/>\narticles font \u00e9tat d\u2019une dette pouvant atteindre <strong>36<br \/>\nmillions d\u2019euros<\/strong>. Rapport\u00e9 \u00e0 la vente d\u2019une maison c\u00e9d\u00e9e<br \/>\nautour de 8 millions, l\u2019\u00e9cart parle de lui-m\u00eame. La transaction<br \/>\napporte de l\u2019air, elle n\u2019efface pas le passif. De quoi expliquer<br \/>\nune n\u00e9gociation rapide d\u00e8s qu\u2019une offre cr\u00e9dible s\u2019est<br \/>\npr\u00e9sent\u00e9e.<\/p>\n<p>Vente de La Savannah : quel impact pour<br \/>\nl\u2019h\u00e9ritage Hallyday et pour la maison de Johnny vendue \u00e0<br \/>\nMarnes-la-Coquette ?<\/p>\n<p>Pour les h\u00e9ritiers et les proches, la vente referme un chapitre<br \/>\nsymbolique. La maison o\u00f9 Johnny a v\u00e9cu ses derni\u00e8res heures<br \/>\nn\u2019appartient plus au clan. Elle quitte aussi la liste des actifs<br \/>\nco\u00fbteux \u00e0 entretenir, au b\u00e9n\u00e9fice d\u2019un acqu\u00e9reur rest\u00e9 anonyme.<br \/>\nSigne d\u2019un dossier hors norme, elle a pein\u00e9 \u00e0 trouver un nouvel<br \/>\nacqu\u00e9reur malgr\u00e9 des ann\u00e9es de patience.<\/p>\n<p>Reste la place de La Savannah dans l\u2019\u00e9quation financi\u00e8re. Le<br \/>\nbien a \u00e9t\u00e9 achet\u00e9 environ <strong>5 millions d\u2019euros<\/strong>,<br \/>\naffich\u00e9 jusqu\u2019\u00e0 <strong>26 millions d\u2019euros<\/strong>, puis<br \/>\nfinalement c\u00e9d\u00e9 autour de <strong>8 millions d\u2019euros<\/strong>. Face<br \/>\n\u00e0 une dette \u00e9voqu\u00e9e \u00e0 <strong>36 millions d\u2019euros<\/strong>, la<br \/>\nvente agit surtout comme un levier pour honorer des engagements. \u00c0<br \/>\ncourt terme, elle all\u00e8ge la pression. \u00c0 long terme, d\u2019autres<br \/>\nrevenus devront prendre le relais.<\/p>\n","protected":false},"excerpt":{"rendered":"Maison de Johnny Hallyday \u00e0 Marnes-la-Coquette : La Savannah vendue, mais combien pour Laeticia ? Embl\u00e8me d\u2019un certain&hellip;\n","protected":false},"author":2,"featured_media":611671,"comment_status":"","ping_status":"","sticky":false,"template":"","format":"standard","meta":{"footnotes":""},"categories":[1359],"tags":[13041,17488,72279,1805,58,59,1011,27,7093,4743,72280,72278,55390,973,746,11230,72277,33106,7825],"class_list":{"0":"post-611670","1":"post","2":"type-post","3":"status-publish","4":"format-standard","5":"has-post-thumbnail","7":"category-people","8":"tag-a","9":"tag-ce","10":"tag-coquette","11":"tag-de","12":"tag-divertissement","13":"tag-entertainment","14":"tag-fr","15":"tag-france","16":"tag-johnny","17":"tag-la","18":"tag-laeticia","19":"tag-marnes","20":"tag-mythique","21":"tag-people","22":"tag-que","23":"tag-recupere","24":"tag-savannah","25":"tag-vendue","26":"tag-villa"},"share_on_mastodon":{"url":"https:\/\/pubeurope.com\/@fr\/115751831765923155","error":""},"_links":{"self":[{"href":"https:\/\/www.europesays.com\/fr\/wp-json\/wp\/v2\/posts\/611670","targetHints":{"allow":["GET"]}}],"collection":[{"href":"https:\/\/www.europesays.com\/fr\/wp-json\/wp\/v2\/posts"}],"about":[{"href":"https:\/\/www.europesays.com\/fr\/wp-json\/wp\/v2\/types\/post"}],"author":[{"embeddable":true,"href":"https:\/\/www.europesays.com\/fr\/wp-json\/wp\/v2\/users\/2"}],"replies":[{"embeddable":true,"href":"https:\/\/www.europesays.com\/fr\/wp-json\/wp\/v2\/comments?post=611670"}],"version-history":[{"count":0,"href":"https:\/\/www.europesays.com\/fr\/wp-json\/wp\/v2\/posts\/611670\/revisions"}],"wp:featuredmedia":[{"embeddable":true,"href":"https:\/\/www.europesays.com\/fr\/wp-json\/wp\/v2\/media\/611671"}],"wp:attachment":[{"href":"https:\/\/www.europesays.com\/fr\/wp-json\/wp\/v2\/media?parent=611670"}],"wp:term":[{"taxonomy":"category","embeddable":true,"href":"https:\/\/www.europesays.com\/fr\/wp-json\/wp\/v2\/categories?post=611670"},{"taxonomy":"post_tag","embeddable":true,"href":"https:\/\/www.europesays.com\/fr\/wp-json\/wp\/v2\/tags?post=611670"}],"curies":[{"name":"wp","href":"https:\/\/api.w.org\/{rel}","templated":true}]}}