{"id":611672,"date":"2025-12-20T12:12:45","date_gmt":"2025-12-20T12:12:45","guid":{"rendered":"https:\/\/www.europesays.com\/fr\/611672\/"},"modified":"2025-12-20T12:12:45","modified_gmt":"2025-12-20T12:12:45","slug":"inspiration-deco-4-couleurs-mates-pour-reinventer-votre-salon","status":"publish","type":"post","link":"https:\/\/www.europesays.com\/fr\/611672\/","title":{"rendered":"Inspiration d\u00e9co : 4 couleurs mates pour r\u00e9inventer votre salon"},"content":{"rendered":"<p><strong>Entre le violet d\u00e9licat et le mauve feutr\u00e9<\/strong>, le prune pastel version mate s\u2019impose comme une alternative subtile aux couleurs neutres. Raffin\u00e9e, cette teinte insuffle <strong>une atmosph\u00e8re apaisante et \u00e9l\u00e9gante<\/strong> au salon.<\/p>\n<p>Comment on l\u2019adopte\u00a0? Au choix\u00a0: <strong>en total look assum\u00e9<\/strong>, pour un effet wahou garanti, ou <strong>en mur d\u2019accent<\/strong>, pour un rendu contemporain.<\/p>\n<p>C\u00f4t\u00e9 mobilier, on l\u2019associe avec un canap\u00e9 en velours gris clair et des fauteuils en cuir vieilli camel. La table basse s\u2019habille de<strong> bois brut<\/strong> et les meubles, de <strong>m\u00e9tal noir<\/strong>,\u00a0pour souligner davantage sa profondeur.<\/p>\n<p>Pour parfaire la d\u00e9co, on le marie avec <strong>des textiles clairs, comme le lin naturel ou le coton \u00e9cru.<\/strong> On agr\u00e9mente la pi\u00e8ce d\u2019accessoires dor\u00e9s et de quelques <a data-entity-substitution=\"canonical\" data-entity-type=\"node\" data-entity-uuid=\"282dfef8-bd43-42ab-804b-bff6b17ca9b0\" href=\"https:\/\/edito.seloger.com\/tendances\/decoration-interieure\/6-plantes-surdimensionnees-creer-un-interieur-spectaculaire-article_29\" rel=\"noopener\" target=\"_blank\">plantes XXL<\/a>, et le tour est jou\u00e9\u00a0!<\/p>\n","protected":false},"excerpt":{"rendered":"Entre le violet d\u00e9licat et le mauve feutr\u00e9, le prune pastel version mate s\u2019impose comme une alternative subtile&hellip;\n","protected":false},"author":2,"featured_media":611673,"comment_status":"","ping_status":"","sticky":false,"template":"","format":"standard","meta":{"footnotes":""},"categories":[1358],"tags":[1348,1384,1385,1386,58,59,1011,27],"class_list":{"0":"post-611672","1":"post","2":"type-post","3":"status-publish","4":"format-standard","5":"has-post-thumbnail","7":"category-arts-et-design","8":"tag-arts","9":"tag-arts-and-design","10":"tag-arts-et-design","11":"tag-design","12":"tag-divertissement","13":"tag-entertainment","14":"tag-fr","15":"tag-france"},"share_on_mastodon":{"url":"https:\/\/pubeurope.com\/@fr\/115751835580851076","error":""},"_links":{"self":[{"href":"https:\/\/www.europesays.com\/fr\/wp-json\/wp\/v2\/posts\/611672","targetHints":{"allow":["GET"]}}],"collection":[{"href":"https:\/\/www.europesays.com\/fr\/wp-json\/wp\/v2\/posts"}],"about":[{"href":"https:\/\/www.europesays.com\/fr\/wp-json\/wp\/v2\/types\/post"}],"author":[{"embeddable":true,"href":"https:\/\/www.europesays.com\/fr\/wp-json\/wp\/v2\/users\/2"}],"replies":[{"embeddable":true,"href":"https:\/\/www.europesays.com\/fr\/wp-json\/wp\/v2\/comments?post=611672"}],"version-history":[{"count":0,"href":"https:\/\/www.europesays.com\/fr\/wp-json\/wp\/v2\/posts\/611672\/revisions"}],"wp:featuredmedia":[{"embeddable":true,"href":"https:\/\/www.europesays.com\/fr\/wp-json\/wp\/v2\/media\/611673"}],"wp:attachment":[{"href":"https:\/\/www.europesays.com\/fr\/wp-json\/wp\/v2\/media?parent=611672"}],"wp:term":[{"taxonomy":"category","embeddable":true,"href":"https:\/\/www.europesays.com\/fr\/wp-json\/wp\/v2\/categories?post=611672"},{"taxonomy":"post_tag","embeddable":true,"href":"https:\/\/www.europesays.com\/fr\/wp-json\/wp\/v2\/tags?post=611672"}],"curies":[{"name":"wp","href":"https:\/\/api.w.org\/{rel}","templated":true}]}}