{"id":611674,"date":"2025-12-20T12:15:14","date_gmt":"2025-12-20T12:15:14","guid":{"rendered":"https:\/\/www.europesays.com\/fr\/611674\/"},"modified":"2025-12-20T12:15:14","modified_gmt":"2025-12-20T12:15:14","slug":"un-si-grand-soleil-france-tv-10","status":"publish","type":"post","link":"https:\/\/www.europesays.com\/fr\/611674\/","title":{"rendered":"Un si grand soleil &#8211; France TV"},"content":{"rendered":"<ol>\n<li><a href=\"https:\/\/news.google.com\/rss\/articles\/CBMiqAFBVV95cUxNNHF2U1V0amlTeVhLYUUwUUJaSndTbnJSdS14MV9aZFk5YXFwTlM2VS1zaTl1XzhQZXlXdGlxTHVJMEdUT1ViNmRYcDFPdXFVR0gyeTRVQ2ZDM0hfX3Y3Tk16X3hPUTliNXp3bDEwYkV2WTM5TWZGNm0ya1lMbVhoNlVyeUJPR1VZVy1jWXpVcWs4eVF5Y0hLb0ZUTnUzb2lCNXFaZGdCUlo?oc=5\" target=\"_blank\" rel=\"noopener\">Un si grand soleil<\/a>&nbsp;&nbsp;France TV<\/li>\n<li><a href=\"https:\/\/news.google.com\/rss\/articles\/CBMifkFVX3lxTE0wNHY1UUF0R1k0cHpWdHU4NHpvSDBuS29vb3FHQlBIYkxFMERMc3Jta1JrOVpYWjBtVUp3cDQ2d3ZTZEhvc0VCT2JhaVUwTFh0RWY1RDh0X0xpWmtmaERKaEl4bGczYVgwUm9aaHIwTnFfdUxyOHlqUkpTX2ZNdw?oc=5\" target=\"_blank\" rel=\"noopener\">Un Si Grand Soleil en avance : H\u00e9l\u00e8ne est en cavale !&#8230; Ce qui vous attend la semaine du 22 au 26 d\u00e9cembre 2025 [SPOILERS]<\/a>&nbsp;&nbsp;AlloCin\u00e9<\/li>\n<li><a href=\"https:\/\/news.google.com\/rss\/articles\/CBMixAFBVV95cUxOeUd0aVBmZHpZS0NPbllnNWhQMk5hZEdDV3VQU3A0UUF1UHJkcmc5QlF0bjFySWc2ZG9KVm4zaFdlTFQwOC1ZZHk4ejU1N1ZFWEhTbExFaV9yZ1k3QVNDY2dLb1paX3Rsc2xqcG1ac3BUa2dpODNiRHloa2dJZkxzd2g3VTY5TjJubFp5NkdQTXlHb0lhWUwwZFZybklwbHh0eUIyUlR6ZkI3QVIydm5UcmdPRFRyTkJIYWR5X3VMTWxLeVRt?oc=5\" target=\"_blank\" rel=\"noopener\">Un si grand soleil (spoiler) : Florent et Claire d\u00e9rapent, coup de th\u00e9\u00e2tre \u00e0 Montpellier<\/a>&nbsp;&nbsp;Toutelatele<\/li>\n<li><a href=\"https:\/\/news.google.com\/rss\/articles\/CBMihAFBVV95cUxPUS1QcW5KY0NKOWNqdXNTUkdlSU8tY1ZpTWJDdHdTSmFYYnh1bTJibHYzWF9yMmpKVl9Jai00cUp3TWp5OUV6dUNob3N4bzJIYjJvUEJIcWJKbEJCQVZCaXhlcHdIa1doNEhyTG1ORUtUOHJoamlUUUsxWE1LdnlnWnFfVUE?oc=5\" target=\"_blank\" rel=\"noopener\">\u00ab Un si grand soleil \u00bb : ce qui vous attend dans les \u00e9pisodes du 22 au 26 d\u00e9cembre 2025<\/a>&nbsp;&nbsp;Yahoo Life France<\/li>\n<li><a href=\"https:\/\/news.google.com\/rss\/articles\/CBMiwgFBVV95cUxNNy10QkJVVTlDcEdRdW9NNlE4U2I3V1VCck9HRUwyNmdzZnJWRUlXcnpiNDJSSERuVzhOV3lpZS1QYXdnNllCczRob2NMc0VYdjdsY1ZpXzBYenBsRUJvWjB5bnBTYS05QUpTcTZoRHhSelZQb0hBdEV4R29YS2c5MndoVGpxU2lZWlR0OXBwcE9fMktRSzdSbDU2THpteU9GQzRsM3V6YlZjWmlFOUEwVV9BOWdibDlETHBwOFRzYzFzZw?oc=5\" target=\"_blank\" rel=\"noopener\">Un si grand soleil en avance : r\u00e9sum\u00e9 et explication de l&rsquo;\u00e9pisode du lundi 22 d\u00e9cembre<\/a>&nbsp;&nbsp;Melty<\/li>\n<\/ol>\n","protected":false},"excerpt":{"rendered":"Un si grand soleil&nbsp;&nbsp;France TV Un Si Grand Soleil en avance : H\u00e9l\u00e8ne est en cavale !&#8230; Ce&hellip;\n","protected":false},"author":2,"featured_media":611675,"comment_status":"","ping_status":"","sticky":false,"template":"","format":"standard","meta":{"footnotes":""},"categories":[1356],"tags":[58,59,1011,27,252,1364],"class_list":{"0":"post-611674","1":"post","2":"type-post","3":"status-publish","4":"format-standard","5":"has-post-thumbnail","7":"category-television","8":"tag-divertissement","9":"tag-entertainment","10":"tag-fr","11":"tag-france","12":"tag-television","13":"tag-tv"},"share_on_mastodon":{"url":"https:\/\/pubeurope.com\/@fr\/115751847542124466","error":""},"_links":{"self":[{"href":"https:\/\/www.europesays.com\/fr\/wp-json\/wp\/v2\/posts\/611674","targetHints":{"allow":["GET"]}}],"collection":[{"href":"https:\/\/www.europesays.com\/fr\/wp-json\/wp\/v2\/posts"}],"about":[{"href":"https:\/\/www.europesays.com\/fr\/wp-json\/wp\/v2\/types\/post"}],"author":[{"embeddable":true,"href":"https:\/\/www.europesays.com\/fr\/wp-json\/wp\/v2\/users\/2"}],"replies":[{"embeddable":true,"href":"https:\/\/www.europesays.com\/fr\/wp-json\/wp\/v2\/comments?post=611674"}],"version-history":[{"count":0,"href":"https:\/\/www.europesays.com\/fr\/wp-json\/wp\/v2\/posts\/611674\/revisions"}],"wp:featuredmedia":[{"embeddable":true,"href":"https:\/\/www.europesays.com\/fr\/wp-json\/wp\/v2\/media\/611675"}],"wp:attachment":[{"href":"https:\/\/www.europesays.com\/fr\/wp-json\/wp\/v2\/media?parent=611674"}],"wp:term":[{"taxonomy":"category","embeddable":true,"href":"https:\/\/www.europesays.com\/fr\/wp-json\/wp\/v2\/categories?post=611674"},{"taxonomy":"post_tag","embeddable":true,"href":"https:\/\/www.europesays.com\/fr\/wp-json\/wp\/v2\/tags?post=611674"}],"curies":[{"name":"wp","href":"https:\/\/api.w.org\/{rel}","templated":true}]}}