{"id":611690,"date":"2025-12-20T12:23:12","date_gmt":"2025-12-20T12:23:12","guid":{"rendered":"https:\/\/www.europesays.com\/fr\/611690\/"},"modified":"2025-12-20T12:23:12","modified_gmt":"2025-12-20T12:23:12","slug":"nouveaux-bombardements-samedi-apres-une-attaque-russe-contre-les-infrastructures-portuaires-dodessa-qui-a-fait-8-morts","status":"publish","type":"post","link":"https:\/\/www.europesays.com\/fr\/611690\/","title":{"rendered":"nouveaux bombardements samedi apr\u00e8s une attaque russe contre les infrastructures portuaires d\u2019Odessa, qui a fait 8 morts"},"content":{"rendered":"\n<p class=\"post__live-container--answer-text post__space-node\">L\u2019\u00e9missaire russe pour les questions \u00e9conomiques, Kirill Dmitriev, a annonc\u00e9 samedi qu\u2019il se rendait \u00e0 Miami, aux Etats-Unis, o\u00f9 une s\u00e9rie de discussions ont d\u00e9but\u00e9 pour tenter de mettre fin \u00e0 la guerre en Ukraine. \u00ab\u00a0En route pour Miami\u00a0\u00bb, a \u00e9crit M.\u00a0Dmitriev dans un message publi\u00e9 sur le r\u00e9seau social X, en ajoutant un emoji de colombe portant un rameau d\u2019olivier, symbole de paix, et en joignant une courte vid\u00e9o montrant le soleil du matin per\u00e7ant les nuages au-dessus d\u2019une plage bord\u00e9e de palmiers.<strong> <\/strong>\u00ab\u00a0Alors que les bellicistes continuent de travailler d\u2019arrache-pied pour saper le plan de paix am\u00e9ricain pour l\u2019Ukraine, je me suis souvenu de cette vid\u00e9o de ma pr\u00e9c\u00e9dente visite\u00a0: la lumi\u00e8re per\u00e7ant les nuages d\u2019orage\u00a0\u00bb, a-t-il ajout\u00e9.<\/p>\n<p class=\"post__live-container--answer-text post__space-node\">Des \u00e9quipes ukrainienne et europ\u00e9enne se sont \u00e9galement rendues dans cette ville de Floride pour participer aux n\u00e9gociations men\u00e9es par Steve Witkoff, l\u2019envoy\u00e9 sp\u00e9cial de Donald Trump, et Jared Kushner, le gendre du pr\u00e9sident am\u00e9ricain. La participation de la Russie et de l\u2019Europe \u00e0 ces pourparlers marque une avanc\u00e9e par rapport \u00e0 la phase pr\u00e9c\u00e9dente, durant laquelle les Am\u00e9ricains menaient des n\u00e9gociations s\u00e9par\u00e9es avec chaque partie.<\/p>\n<p class=\"post__live-container--answer-text post__space-node\">Il est cependant peu probable que Kirill Dmitriev tienne des pourparlers directs avec les n\u00e9gociateurs ukrainiens et europ\u00e9ens, les relations entre les deux parties restant extr\u00eamement tendues. Moscou affirme notamment que la participation de l\u2019Europe aux pourparlers ne fait que nuire au processus et pr\u00e9sente les dirigeants du continent comme favorables \u00e0 la guerre.<\/p>\n","protected":false},"excerpt":{"rendered":"L\u2019\u00e9missaire russe pour les questions \u00e9conomiques, Kirill Dmitriev, a annonc\u00e9 samedi qu\u2019il se rendait \u00e0 Miami, aux Etats-Unis,&hellip;\n","protected":false},"author":2,"featured_media":611691,"comment_status":"","ping_status":"","sticky":false,"template":"","format":"standard","meta":{"footnotes":""},"categories":[5],"tags":[11,1011,27,14,12,28],"class_list":{"0":"post-611690","1":"post","2":"type-post","3":"status-publish","4":"format-standard","5":"has-post-thumbnail","7":"category-international","8":"tag-actualites","9":"tag-fr","10":"tag-france","11":"tag-international","12":"tag-news","13":"tag-world"},"share_on_mastodon":{"url":"https:\/\/pubeurope.com\/@fr\/115751879144251068","error":""},"_links":{"self":[{"href":"https:\/\/www.europesays.com\/fr\/wp-json\/wp\/v2\/posts\/611690","targetHints":{"allow":["GET"]}}],"collection":[{"href":"https:\/\/www.europesays.com\/fr\/wp-json\/wp\/v2\/posts"}],"about":[{"href":"https:\/\/www.europesays.com\/fr\/wp-json\/wp\/v2\/types\/post"}],"author":[{"embeddable":true,"href":"https:\/\/www.europesays.com\/fr\/wp-json\/wp\/v2\/users\/2"}],"replies":[{"embeddable":true,"href":"https:\/\/www.europesays.com\/fr\/wp-json\/wp\/v2\/comments?post=611690"}],"version-history":[{"count":0,"href":"https:\/\/www.europesays.com\/fr\/wp-json\/wp\/v2\/posts\/611690\/revisions"}],"wp:featuredmedia":[{"embeddable":true,"href":"https:\/\/www.europesays.com\/fr\/wp-json\/wp\/v2\/media\/611691"}],"wp:attachment":[{"href":"https:\/\/www.europesays.com\/fr\/wp-json\/wp\/v2\/media?parent=611690"}],"wp:term":[{"taxonomy":"category","embeddable":true,"href":"https:\/\/www.europesays.com\/fr\/wp-json\/wp\/v2\/categories?post=611690"},{"taxonomy":"post_tag","embeddable":true,"href":"https:\/\/www.europesays.com\/fr\/wp-json\/wp\/v2\/tags?post=611690"}],"curies":[{"name":"wp","href":"https:\/\/api.w.org\/{rel}","templated":true}]}}