{"id":611702,"date":"2025-12-20T12:29:23","date_gmt":"2025-12-20T12:29:23","guid":{"rendered":"https:\/\/www.europesays.com\/fr\/611702\/"},"modified":"2025-12-20T12:29:23","modified_gmt":"2025-12-20T12:29:23","slug":"football-le-capitaine-de-nouveau-absent-quelques-retours-decouvrez-le-groupe-de-las-nancy-lorraine-pour-le-32e-de-finale-de-coupe-de-france-a-grenoble","status":"publish","type":"post","link":"https:\/\/www.europesays.com\/fr\/611702\/","title":{"rendered":"Football Le capitaine de nouveau absent, quelques retours\u2026 D\u00e9couvrez le groupe de l\u2019AS Nancy Lorraine pour le 32e de finale de Coupe de France \u00e0 Grenoble"},"content":{"rendered":"<p>Grenoble &#8211; ASNL<\/p>\n<p>Ce samedi, 18h<\/p>\n<p>Puisque <a href=\"https:\/\/www.estrepublicain.fr\/sport\/2025\/12\/01\/suivez-le-tirage-au-sort-des-32e-de-finale-de-la-coupe-de-france-avec-nous\" target=\"_blank\" rel=\"noopener\">les 32e de finale de la Coupe de France<\/a> sont marqu\u00e9s par l\u2019entr\u00e9e en lice des clubs de Ligue 1, le r\u00e8glement autorise toutes les \u00e9quipes qualifi\u00e9es \u00e0 se pr\u00e9senter avec un groupe de vingt joueurs, comme en L1.\u00a0Cela donne un groupe de l\u2019ASNL plus \u00e9toff\u00e9 qu\u2019en championnat de L2, dans lequel il faut signaler les retours d\u2019Adrian Dabasse, Oumar Sidib\u00e9 et Zakaria Ztouti. L\u2019habituel capitaine, Nicolas Saint-Ruf, n\u2019est plus suspendu mais il se retrouve aux soins.<\/p>\n<p>  Le groupe nanc\u00e9ien \u00a0<\/p>\n<p>Lembet, Basilio, Julloux, Carlier, Nahounou, Fernandez, Bamba, G\u00e9lin, Bouriaud, Tacafred, Guendez, Bokangu, Fdaouch, Suljic, Ztouti, Evans, Dabasse, Sidib\u00e9, Exp\u00e9rience, Barbier<\/p>\n<p>Absents\u00a0: Sourzac, No\u00ebl, Maouassa, Saint-Ruf, Mendy, Ouotro (bless\u00e9s)<\/p>\n","protected":false},"excerpt":{"rendered":"Grenoble &#8211; ASNL Ce samedi, 18h Puisque les 32e de finale de la Coupe de France sont marqu\u00e9s&hellip;\n","protected":false},"author":2,"featured_media":611703,"comment_status":"","ping_status":"","sticky":false,"template":"","format":"standard","meta":{"footnotes":""},"categories":[9635],"tags":[1111,11,3703,15922,1707,1704,1705,1777,674,107,1701,63,1011,27,775,1702,1703,12,25,517,1700],"class_list":{"0":"post-611702","1":"post","2":"type-post","3":"status-publish","4":"format-standard","5":"has-post-thumbnail","7":"category-nancy","8":"tag-actu","9":"tag-actualites","10":"tag-asnl","11":"tag-coupe-de-france-de-football","12":"tag-edition-luneville","13":"tag-edition-nancy-et-agglomeration","14":"tag-edition-toul","15":"tag-eu","16":"tag-europe","17":"tag-fil-info","18":"tag-fil-info-sport","19":"tag-football","20":"tag-fr","21":"tag-france","22":"tag-grand-est","23":"tag-nancy","24":"tag-nancy-ville-54b","25":"tag-news","26":"tag-republique-francaise","27":"tag-sport","28":"tag-sport-lorrain"},"share_on_mastodon":{"url":"https:\/\/pubeurope.com\/@fr\/115751902427642366","error":""},"_links":{"self":[{"href":"https:\/\/www.europesays.com\/fr\/wp-json\/wp\/v2\/posts\/611702","targetHints":{"allow":["GET"]}}],"collection":[{"href":"https:\/\/www.europesays.com\/fr\/wp-json\/wp\/v2\/posts"}],"about":[{"href":"https:\/\/www.europesays.com\/fr\/wp-json\/wp\/v2\/types\/post"}],"author":[{"embeddable":true,"href":"https:\/\/www.europesays.com\/fr\/wp-json\/wp\/v2\/users\/2"}],"replies":[{"embeddable":true,"href":"https:\/\/www.europesays.com\/fr\/wp-json\/wp\/v2\/comments?post=611702"}],"version-history":[{"count":0,"href":"https:\/\/www.europesays.com\/fr\/wp-json\/wp\/v2\/posts\/611702\/revisions"}],"wp:featuredmedia":[{"embeddable":true,"href":"https:\/\/www.europesays.com\/fr\/wp-json\/wp\/v2\/media\/611703"}],"wp:attachment":[{"href":"https:\/\/www.europesays.com\/fr\/wp-json\/wp\/v2\/media?parent=611702"}],"wp:term":[{"taxonomy":"category","embeddable":true,"href":"https:\/\/www.europesays.com\/fr\/wp-json\/wp\/v2\/categories?post=611702"},{"taxonomy":"post_tag","embeddable":true,"href":"https:\/\/www.europesays.com\/fr\/wp-json\/wp\/v2\/tags?post=611702"}],"curies":[{"name":"wp","href":"https:\/\/api.w.org\/{rel}","templated":true}]}}