{"id":611712,"date":"2025-12-20T12:36:12","date_gmt":"2025-12-20T12:36:12","guid":{"rendered":"https:\/\/www.europesays.com\/fr\/611712\/"},"modified":"2025-12-20T12:36:12","modified_gmt":"2025-12-20T12:36:12","slug":"rouen-le-juge-des-referes-confirme-la-fermeture-administrative-du-so-pour-une-duree-de-deux-mois","status":"publish","type":"post","link":"https:\/\/www.europesays.com\/fr\/611712\/","title":{"rendered":"Rouen. Le juge des r\u00e9f\u00e9r\u00e9s confirme la fermeture administrative du So pour une dur\u00e9e de deux mois"},"content":{"rendered":"<p melodystyle=\"texte\">La bo\u00eete de nuit Le So \u00e0 Rouen a \u00e9t\u00e9 vis\u00e9e par une fermeture administrative de deux mois \u00e0 compter du 19 d\u00e9cembre apr\u00e8s avoir accueilli une cliente mineure et servi de l&rsquo;alcool \u00e0 une personne d\u00e9j\u00e0 ivre. L&rsquo;\u00e9tablissement a contest\u00e9, selon le tribunal administratif de Rouen \u00ab\u00a0en r\u00e9f\u00e9r\u00e9-libert\u00e9, l&rsquo;arr\u00eat\u00e9 du pr\u00e9fet de Seine-Maritime du 16\u00a0d\u00e9cembre 2025 pronon\u00e7ant sa fermeture administrative pour une dur\u00e9e de deux mois\u00a0\u00bb. Le juge des r\u00e9f\u00e9r\u00e9s du tribunal rejette son recours.<\/p>\n<p melodystyle=\"texte\"><b>A lire aussi. <\/b><a href=\"https:\/\/www.tendanceouest.com\/actualite-434801-rouen-une-sanction-injustifiee-le-club-le-so-vise-par-une-fermeture-administrative-de-deux-mois\" target=\"_blank\" rel=\"noopener\">Rouen. \u00ab\u00a0Une sanction injustifi\u00e9e\u00a0\u00bb, le club Le SO vis\u00e9 par une fermeture administrative de deux mois<\/a><\/p>\n<p>La fermeture du So d\u00e9cid\u00e9e par le pr\u00e9fet<\/p>\n<p melodystyle=\"texte\">Dans un communiqu\u00e9 ce samedi 20\u00a0d\u00e9cembre, le tribunal administratif de Rouen indique que \u00ab\u00a0la fermeture du So Club a \u00e9t\u00e9 d\u00e9cid\u00e9e par le pr\u00e9fet de Seine-Maritime le 16\u00a0d\u00e9cembre en application de l&rsquo;article L.3332-15 du code de la sant\u00e9 publique\u00a0\u00bb. Cet article permet \u00ab\u00a0au pr\u00e9fet du d\u00e9partement, au titre de ses pouvoirs de police, de fermer des d\u00e9bits de boissons et restaurants en cas d&rsquo;infractions aux lois et r\u00e8glements relatifs \u00e0 ces \u00e9tablissements ou en cas d&rsquo;atteinte \u00e0 l&rsquo;ordre public, \u00e0 la sant\u00e9, \u00e0 la tranquillit\u00e9 ou \u00e0 la moralit\u00e9 publiques\u00a0\u00bb.<\/p>\n<p melodystyle=\"texte\">Face au recours du So Club, en r\u00e9action \u00e0 cette fermeture administrative, \u00ab\u00a0le juge des r\u00e9f\u00e9r\u00e9s du tribunal a estim\u00e9 que les \u00e9l\u00e9ments apport\u00e9s par l&rsquo;exploitant du So Club pour remettre en cause l&rsquo;exactitude mat\u00e9rielle de ces faits n&rsquo;\u00e9taient pas suffisants notamment au vu de d\u00e9clarations re\u00e7ues par les services de police au mois de novembre 2025 dans le cadre d&rsquo;une enqu\u00eate pour subornation de t\u00e9moin\u00a0\u00bb. Il a notamment jug\u00e9 que ces faits \u00ab\u00a0qui ne sont pas isol\u00e9s, sont \u00e0 l&rsquo;origine, par leur nature, de graves troubles \u00e0 l&rsquo;ordre public et qu&rsquo;ils sont en relation directe avec les conditions d&rsquo;exploitation et la fr\u00e9quentation du So Club\u00a0\u00bb.<\/p>\n<p>Une fermeture maintenue<\/p>\n<p melodystyle=\"texte\">Le juge des r\u00e9f\u00e9r\u00e9s en a d\u00e9duit que la fermeture de l&rsquo;\u00e9tablissement pour une dur\u00e9e de deux mois n&rsquo;\u00e9tait pas \u00ab\u00a0excessive et qu&rsquo;ainsi, il n&rsquo;\u00e9tait pas port\u00e9 une atteinte manifestement disproportionn\u00e9e aux libert\u00e9s d&rsquo;entreprendre et du commerce et de l&rsquo;industrie, qui constituent des libert\u00e9s fondamentales\u00a0\u00bb.<\/p>\n<p melodystyle=\"texte\">Le tribunal avait d\u00e9j\u00e0 rejet\u00e9 le r\u00e9f\u00e9r\u00e9-libert\u00e9 form\u00e9 \u00e0 l&rsquo;encontre de la fermeture administrative du m\u00eame \u00e9tablissement d\u00e9cid\u00e9e le 27\u00a0d\u00e9cembre 2024 pour une dur\u00e9e d&rsquo;un mois.<\/p>\n","protected":false},"excerpt":{"rendered":"La bo\u00eete de nuit Le So \u00e0 Rouen a \u00e9t\u00e9 vis\u00e9e par une fermeture administrative de deux mois&hellip;\n","protected":false},"author":2,"featured_media":611713,"comment_status":"","ping_status":"","sticky":false,"template":"","format":"standard","meta":{"footnotes":""},"categories":[9587],"tags":[1111,11,1777,674,1011,27,12,5161,25,9590],"class_list":{"0":"post-611712","1":"post","2":"type-post","3":"status-publish","4":"format-standard","5":"has-post-thumbnail","7":"category-rouen","8":"tag-actu","9":"tag-actualites","10":"tag-eu","11":"tag-europe","12":"tag-fr","13":"tag-france","14":"tag-news","15":"tag-normandie","16":"tag-republique-francaise","17":"tag-rouen"},"share_on_mastodon":{"url":"https:\/\/pubeurope.com\/@fr\/115751930349449874","error":""},"_links":{"self":[{"href":"https:\/\/www.europesays.com\/fr\/wp-json\/wp\/v2\/posts\/611712","targetHints":{"allow":["GET"]}}],"collection":[{"href":"https:\/\/www.europesays.com\/fr\/wp-json\/wp\/v2\/posts"}],"about":[{"href":"https:\/\/www.europesays.com\/fr\/wp-json\/wp\/v2\/types\/post"}],"author":[{"embeddable":true,"href":"https:\/\/www.europesays.com\/fr\/wp-json\/wp\/v2\/users\/2"}],"replies":[{"embeddable":true,"href":"https:\/\/www.europesays.com\/fr\/wp-json\/wp\/v2\/comments?post=611712"}],"version-history":[{"count":0,"href":"https:\/\/www.europesays.com\/fr\/wp-json\/wp\/v2\/posts\/611712\/revisions"}],"wp:featuredmedia":[{"embeddable":true,"href":"https:\/\/www.europesays.com\/fr\/wp-json\/wp\/v2\/media\/611713"}],"wp:attachment":[{"href":"https:\/\/www.europesays.com\/fr\/wp-json\/wp\/v2\/media?parent=611712"}],"wp:term":[{"taxonomy":"category","embeddable":true,"href":"https:\/\/www.europesays.com\/fr\/wp-json\/wp\/v2\/categories?post=611712"},{"taxonomy":"post_tag","embeddable":true,"href":"https:\/\/www.europesays.com\/fr\/wp-json\/wp\/v2\/tags?post=611712"}],"curies":[{"name":"wp","href":"https:\/\/api.w.org\/{rel}","templated":true}]}}