{"id":611718,"date":"2025-12-20T12:39:18","date_gmt":"2025-12-20T12:39:18","guid":{"rendered":"https:\/\/www.europesays.com\/fr\/611718\/"},"modified":"2025-12-20T12:39:18","modified_gmt":"2025-12-20T12:39:18","slug":"en-ille-et-vilaine-alliance-police-nationale-appelle-a-la-mobilisation","status":"publish","type":"post","link":"https:\/\/www.europesays.com\/fr\/611718\/","title":{"rendered":"en Ille-et-Vilaine, Alliance Police Nationale appelle \u00e0 la mobilisation"},"content":{"rendered":"<p>                    Par<br \/>\n        <strong><br \/>\n            <a href=\"https:\/\/actu.fr\/auteur\/laurene-fertin\" title=\"Consulter tous les articles de Laur\u00e8ne Fertin\" target=\"_blank\" rel=\"noopener\">Laur\u00e8ne Fertin<\/a><br \/>\n                    <\/strong><\/p>\n<p>        Publi\u00e9 le<\/p>\n<p>            20 d\u00e9c. 2025 \u00e0 9h58        <\/p>\n<p>Le rendez-vous est donn\u00e9 <strong>samedi 31\u00a0janvier 2026<\/strong>. Le syndicat Alliance Police Nationale invite, en Ille-et-Vilaine, mais plus largement dans toute la France, \u00e0 se mobiliser pour dire <strong>\u00ab\u2009stop \u00e0 l\u2019ins\u00e9curit\u00e9 et l\u2019impunit\u00e9\u2009\u00bb<\/strong>.<\/p>\n<p>Un manque de moyens<\/p>\n<p class=\" wall-content\">Les policiers syndiqu\u00e9s estiment en effet que \u00ab\u2009la France s\u2019enfonce dans <strong>une crise s\u00e9curitaire majeure<\/strong> [\u2026] mettant en danger la coh\u00e9sion nationale et les fondements de la R\u00e9publique\u2009\u00bb.<\/p>\n<p class=\" wall-content\">Les forces de l\u2019ordre d\u00e9plorent le <strong>manque de moyens<\/strong> humains, mat\u00e9riels mais aussi logistiques et juridiques \u00ab\u2009n\u00e9cessaires\u2009\u00bb. \u00ab\u2009La Police nationale va tr\u00e8s mal, les policiers quelle que soit leur fili\u00e8re de m\u00e9tier [\u2026] <strong>sont \u00e0 bout\u2009\u00bb,<\/strong> indiquent-ils dans un <a href=\"https:\/\/x.com\/alliancepolice\/status\/2002072123393622175\/photo\/1\">tweet<\/a>.<\/p>\n<blockquote class=\"ac-article-quote wall-content\">\n<p>La s\u00e9curit\u00e9 n&rsquo;est pas n\u00e9gociable : elle conditionne toutes les libert\u00e9s.<\/p>\n<p>    <strong>Alliance Police Nationale<\/strong>\n            <\/p><\/blockquote>\n<p class=\" wall-content\">\n<p>\u00ab\u2009Stop aux promesses sans lendemain\u2009!\u2009\u00bb<\/p>\n<p class=\" wall-content\">Pour protester, Alliance Police Nationale souhaite emmener, avec elle, <strong>\u00ab\u2009des rassemblements citoyens<\/strong> ou <strong>des marches citoyennes\u2009\u00bb<\/strong> sur l\u2019ensemble du territoire.<\/p>\n<blockquote class=\"ac-article-quote wall-content\">\n<p>Policiers, citoyens, \u00e9lus et acteurs de la soci\u00e9t\u00e9 civile sont appel\u00e9s \u00e0 se mobiliser pour dire : STOP \u00e0 l&rsquo;ins\u00e9curit\u00e9, STOP \u00e0 l&rsquo;impunit\u00e9, STOP \u00e0 l&rsquo;abandon des forces de l&rsquo;ordre, STOP aux promesses sans lendemain !<\/p>\n<p>    <strong>Alliance Police Nationale<\/strong>\n            <\/p><\/blockquote>\n<p>Votre r\u00e9gion, votre actu !<\/p>\n<p>Recevez chaque jour les infos qui comptent pour vous.<\/p>\n<p>\t<a href=\"https:\/\/actu.fr\/newsletter\" class=\"ac-btn ac-btn--corner ac-btn--medium ac-btn--blue800\" target=\"_blank\" rel=\"noopener\">S&rsquo;incrire<\/a><\/p>\n<p class=\" wall-content\">D\u2019ici \u00e0 d\u00e9but janvier\u00a02026, la composition des rassemblements, mais \u00e9galement les organisations partenaires et les lieux de mobilisation seront communiqu\u00e9s.<\/p>\n<p class=\" wall-content\">Personnalisez votre actualit\u00e9 en ajoutant vos villes et m\u00e9dias en favori avec <a href=\"https:\/\/moncompte.actu.fr\" title=\"D\u00e9couvez Mon Actu\" rel=\"nofollow noopener\" data-trk=\"{&quot;cta&quot;:{&quot;action&quot;:&quot;https:\\\/\\\/moncompte.actu.fr&quot;,&quot;category&quot;:&quot;mon compte&quot;,&quot;from&quot;:&quot;article footer&quot;,&quot;name&quot;:&quot;Mon actu&quot;,&quot;type&quot;:&quot;cta&quot;}}\" target=\"_blank\">Mon Actu<\/a>.<\/p>\n","protected":false},"excerpt":{"rendered":"Par Laur\u00e8ne Fertin Publi\u00e9 le 20 d\u00e9c. 2025 \u00e0 9h58 Le rendez-vous est donn\u00e9 samedi 31\u00a0janvier 2026. Le&hellip;\n","protected":false},"author":2,"featured_media":611719,"comment_status":"","ping_status":"","sticky":false,"template":"","format":"standard","meta":{"footnotes":""},"categories":[2821],"tags":[1111,11,829,1777,674,1011,27,2825,1272,12,1072,584,25,104],"class_list":{"0":"post-611718","1":"post","2":"type-post","3":"status-publish","4":"format-standard","5":"has-post-thumbnail","7":"category-rennes","8":"tag-actu","9":"tag-actualites","10":"tag-bretagne","11":"tag-eu","12":"tag-europe","13":"tag-fr","14":"tag-france","15":"tag-insecurite","16":"tag-manifestations","17":"tag-news","18":"tag-police","19":"tag-rennes","20":"tag-republique-francaise","21":"tag-societe"},"share_on_mastodon":{"url":"https:\/\/pubeurope.com\/@fr\/115751941865971456","error":""},"_links":{"self":[{"href":"https:\/\/www.europesays.com\/fr\/wp-json\/wp\/v2\/posts\/611718","targetHints":{"allow":["GET"]}}],"collection":[{"href":"https:\/\/www.europesays.com\/fr\/wp-json\/wp\/v2\/posts"}],"about":[{"href":"https:\/\/www.europesays.com\/fr\/wp-json\/wp\/v2\/types\/post"}],"author":[{"embeddable":true,"href":"https:\/\/www.europesays.com\/fr\/wp-json\/wp\/v2\/users\/2"}],"replies":[{"embeddable":true,"href":"https:\/\/www.europesays.com\/fr\/wp-json\/wp\/v2\/comments?post=611718"}],"version-history":[{"count":0,"href":"https:\/\/www.europesays.com\/fr\/wp-json\/wp\/v2\/posts\/611718\/revisions"}],"wp:featuredmedia":[{"embeddable":true,"href":"https:\/\/www.europesays.com\/fr\/wp-json\/wp\/v2\/media\/611719"}],"wp:attachment":[{"href":"https:\/\/www.europesays.com\/fr\/wp-json\/wp\/v2\/media?parent=611718"}],"wp:term":[{"taxonomy":"category","embeddable":true,"href":"https:\/\/www.europesays.com\/fr\/wp-json\/wp\/v2\/categories?post=611718"},{"taxonomy":"post_tag","embeddable":true,"href":"https:\/\/www.europesays.com\/fr\/wp-json\/wp\/v2\/tags?post=611718"}],"curies":[{"name":"wp","href":"https:\/\/api.w.org\/{rel}","templated":true}]}}