{"id":611722,"date":"2025-12-20T12:43:16","date_gmt":"2025-12-20T12:43:16","guid":{"rendered":"https:\/\/www.europesays.com\/fr\/611722\/"},"modified":"2025-12-20T12:43:16","modified_gmt":"2025-12-20T12:43:16","slug":"la-journee-college-mort-tres-suivie-a-pasteur","status":"publish","type":"post","link":"https:\/\/www.europesays.com\/fr\/611722\/","title":{"rendered":"la journ\u00e9e coll\u00e8ge mort tr\u00e8s suivie\u00a0\u00e0 Pasteur"},"content":{"rendered":"<p>\u00ab\u00a0Ce matin, seule une quarantaine d\u2019\u00e9l\u00e8ves, sur les 640 que compte le coll\u00e8ge Pasteur, est venue en classe. La journ\u00e9e coll\u00e8ge mort a donc \u00e9t\u00e9 massivement suivie\u00a0\u00bb, \u00e9tablit un parent d\u2019\u00e9l\u00e8ve qui a particip\u00e9 \u00e0 un rassemblement ce mercredi 17\u00a0d\u00e9cembre pour soutenir les revendications de la communaut\u00e9 \u00e9ducative.<\/p>\n<p>\u00ab\u00a0Ces difficult\u00e9s sont connues par le rectorat qui n\u2019a pour l\u2019instant apport\u00e9 aucune r\u00e9ponse satisfaisante\u00a0\u00bb, contextualise un collectif de parents dans le communiqu\u00e9 annon\u00e7ant la journ\u00e9e coll\u00e8ge mort.<\/p>\n","protected":false},"excerpt":{"rendered":"\u00ab\u00a0Ce matin, seule une quarantaine d\u2019\u00e9l\u00e8ves, sur les 640 que compte le coll\u00e8ge Pasteur, est venue en classe.&hellip;\n","protected":false},"author":2,"featured_media":611723,"comment_status":"","ping_status":"","sticky":false,"template":"","format":"standard","meta":{"footnotes":""},"categories":[2820],"tags":[1111,11,3599,9671,2880,1057,1777,674,107,1011,27,775,12,25,801,640,2879],"class_list":{"0":"post-611722","1":"post","2":"type-post","3":"status-publish","4":"format-standard","5":"has-post-thumbnail","7":"category-strasbourg","8":"tag-actu","9":"tag-actualites","10":"tag-college-lycee","11":"tag-conflit-social","12":"tag-edition-strasbourg","13":"tag-education","14":"tag-eu","15":"tag-europe","16":"tag-fil-info","17":"tag-fr","18":"tag-france","19":"tag-grand-est","20":"tag-news","21":"tag-republique-francaise","22":"tag-social","23":"tag-strasbourg","24":"tag-strasbourg-ville"},"share_on_mastodon":{"url":"https:\/\/pubeurope.com\/@fr\/115751957646439633","error":""},"_links":{"self":[{"href":"https:\/\/www.europesays.com\/fr\/wp-json\/wp\/v2\/posts\/611722","targetHints":{"allow":["GET"]}}],"collection":[{"href":"https:\/\/www.europesays.com\/fr\/wp-json\/wp\/v2\/posts"}],"about":[{"href":"https:\/\/www.europesays.com\/fr\/wp-json\/wp\/v2\/types\/post"}],"author":[{"embeddable":true,"href":"https:\/\/www.europesays.com\/fr\/wp-json\/wp\/v2\/users\/2"}],"replies":[{"embeddable":true,"href":"https:\/\/www.europesays.com\/fr\/wp-json\/wp\/v2\/comments?post=611722"}],"version-history":[{"count":0,"href":"https:\/\/www.europesays.com\/fr\/wp-json\/wp\/v2\/posts\/611722\/revisions"}],"wp:featuredmedia":[{"embeddable":true,"href":"https:\/\/www.europesays.com\/fr\/wp-json\/wp\/v2\/media\/611723"}],"wp:attachment":[{"href":"https:\/\/www.europesays.com\/fr\/wp-json\/wp\/v2\/media?parent=611722"}],"wp:term":[{"taxonomy":"category","embeddable":true,"href":"https:\/\/www.europesays.com\/fr\/wp-json\/wp\/v2\/categories?post=611722"},{"taxonomy":"post_tag","embeddable":true,"href":"https:\/\/www.europesays.com\/fr\/wp-json\/wp\/v2\/tags?post=611722"}],"curies":[{"name":"wp","href":"https:\/\/api.w.org\/{rel}","templated":true}]}}