{"id":611726,"date":"2025-12-20T12:45:28","date_gmt":"2025-12-20T12:45:28","guid":{"rendered":"https:\/\/www.europesays.com\/fr\/611726\/"},"modified":"2025-12-20T12:45:28","modified_gmt":"2025-12-20T12:45:28","slug":"33-appartements-sociaux-viennent-detre-construits-dans-cette-commune-pres-de-nice","status":"publish","type":"post","link":"https:\/\/www.europesays.com\/fr\/611726\/","title":{"rendered":"33 appartements sociaux viennent d\u2019\u00eatre construits dans cette commune pr\u00e8s de Nice"},"content":{"rendered":"<p class=\"fs-5 \">L\u2019hiver s\u2019ent\u00eate \u00e0 rentrer, \u00e0 grand renfort d\u2019averses et de brumes rampantes, mais rien n\u2019y fait : il restera sur le pas de la porte. Comme un rempart face au mal-logement, un nouvel immeuble d\u2019habitation \u00e0 loyer mod\u00e9r\u00e9 se dresse d\u00e9sormais au 163 route de Laghet, \u00e0 la Trinit\u00e9. Lov\u00e9e dans ce vallon humide, la r\u00e9sidence \u00ab Villa Victor \u00bb, g\u00e9r\u00e9e par le bailleur social Erilia, abrite trente-trois appartements \u00e0 haute valeurs \u00e9nerg\u00e9tiques, dont dix sont en accession sociale \u00e0 la propri\u00e9t\u00e9.<\/p>\n<p class=\"fs-5 \">\u00ab Dans notre d\u00e9partement, il est de plus en plus cher de se loger et le parc locatif social est souvent vieillissant. Ce projet immobilier, qui est en r\u00e9flexion depuis quatre ans [et \u00e0 co\u00fbt\u00e9 7,5 millions d\u2019euros(1)], doit donc \u00eatre un soulagement pour ses nouveaux habitants \u00bb, a d\u00e9clar\u00e9 le maire, Ladislas Polski, lors de l\u2019inauguration, vendredi 19 d\u00e9cembre 2025.<\/p>\n<p class=\"fs-5 \">Avec la sous-pr\u00e9f\u00e8te et la directrice r\u00e9gionale d\u2019Erilia, le voil\u00e0 qui s\u2019engouffre dans le T2 flambant neuf de Mary Lombardo. Il y a une semaine encore, la retrait\u00e9e de 64 ans s\u2019ab\u00eemait dans un HLM v\u00e9tuste, \u00ab d\u00e9sesp\u00e9r\u00e9e et impuissante \u00bb face \u00e0 la moisissure omnipr\u00e9sente et l\u2019air humide, vici\u00e9. \u00ab M\u00eame avec le chauffage \u00e0 fond, il fait 14 degr\u00e9s l\u2019hiver. Et l\u2019\u00e9t\u00e9, je n\u2019arrivais pas \u00e0 dormir \u00e0 cause de la chaleur accumul\u00e9e \u00bb, glisse-t-elle, sans \u00ab vraiment r\u00e9aliser que c\u2019est enfin fini apr\u00e8s trois ans de gal\u00e8re \u00bb et d\u2019attente de relogement.<\/p>\n<p>                                                                                \u00abJusqu\u2019\u00e0 pr\u00e9sent, un cr\u00e9dit \u00e9tait hors de port\u00e9e\u00bb<\/p>\n<p class=\"fs-5 \">En voyant Lilya, deux ans, s\u2019amuser dans le salon, la grand m\u00e8re se r\u00e9jouit d\u2019enfin pouvoir \u00ab\u00a0inviter [sa] famille dans des conditions d\u00e9centes \u00bb. Attendrie, elle laisse \u00e9clater sa joie, lucide : \u00ab Dans un logement digne je recommence \u00e0 vivre. Pour 480 euros, j\u2019ai 47m\u00b2 plus une terrasse ! \u00bb<\/p>\n<p class=\"fs-5 \">L\u2019enthousiasme est partag\u00e9 par Nathan Fodor et Iloce Cavalier, couple de vingtenaires s\u2019esp\u00e9rant bient\u00f4t propri\u00e9taires. Gr\u00e2ce au pr\u00eat social location-accession (PSLA), ils pourront acheter leur bien avant cinq ans. Une perspective inenvisageable dans le secteur priv\u00e9 pour ces jeunes travailleurs : \u00ab Nous \u00e9tions \u00e0 Riquier, \u00e0 Nice, dans un 25 m\u00b2 pour 900 euros. Jusqu\u2019\u00e0 pr\u00e9sent, un cr\u00e9dit \u00e9tait hors de port\u00e9e ! Mais apr\u00e8s deux ans d\u2019attente, nous voil\u00e0 avec un 60 m\u00b2 pour la m\u00eame somme.\u00bb<\/p>\n<p>        <img src=\"https:\/\/www.europesays.com\/fr\/wp-content\/uploads\/2025\/12\/3d9e658_upload-from-url-1-jxzra27lqphk-data-art-16773793.jpg\"   loading=\"lazy\" decoding=\"async\" alt=\"Ladislas Polski.\" class=\"img-fluid position-absolute w-100 object-fit-cover rounded-2\" width=\"600\" height=\"400\"\/><\/p>\n<p class=\"fs-5 \">Sur la commune, 444 demandes de logements sociaux \u00e9manent de Trinitaires, quand 1897 personnes ext\u00e9rieures sont aussi en attente d\u2019une attribution. La part de HLM atteignant les 16,7% et non 25%, comme l\u2019impose la loi Solidarit\u00e9 et Renouvellement Urbain, la Trinit\u00e9 doit payer 120.000 euros de p\u00e9nalit\u00e9s annuelles(2).<\/p>\n<p>                                                                                \u00abIl faut d\u00e9senclaver le quartier\u00bb<\/p>\n<p class=\"fs-5 \">D\u00e9nu\u00e9e de trottoirs, de places de parking ou d\u2019aires de retournement, la sinueuse route de Laghet peine \u00e0 desservir durablement les nouvelles habitations. \u00ab Il faut d\u00e9senclaver le quartier. Mes pr\u00e9d\u00e9cesseurs ont autoris\u00e9 de nombreux permis de construire mais sans anticiper le manque d\u2019infrastructures\u00bb, regrette Ladislas Polski. Souhaitant sortir du tout voiture et faciliter la vie des pi\u00e9ton, le maire-candidat annonce qu\u2019en cas de r\u00e9\u00e9lection, un trottoir sera r\u00e9alis\u00e9 sous la prochaine mandature.<\/p>\n<p class=\"fs-5 \">Pour ce qui est de la dessert en bus, l\u2019\u00e9lu encourage \u00e0 utiliser \u00ab le C11, navette \u00e0 la demande Lignes d\u2019Azur \u00bb. Quid, ensuite, de la mixit\u00e9 sociale ? Ne fait elle pas d\u00e9faut avec ce projet immobilier \u00e0 100% HLM ? \u00ab Dans le quartier, les 2\/3 d\u2019habitations sont dans le parc priv\u00e9. Nous veillons \u00e0 cet \u00e9quilibre\u00bb, assure l\u2019\u00e9lu.<\/p>\n<p class=\"fs-5 \">(1)Dont 69.000 euros de la commune, 236.000 euros de la M\u00e9tropole et 68.000 euros de la M\u00e9tropole Nice C\u00f4te d\u2019Azur.<\/p>\n<p class=\"fs-5 \">(2)Sa carence s\u2019\u00e9levant \u00e0 125.000 euros a \u00e9t\u00e9 lev\u00e9e par la pr\u00e9fecture en 2024.<\/p>\n","protected":false},"excerpt":{"rendered":"L\u2019hiver s\u2019ent\u00eate \u00e0 rentrer, \u00e0 grand renfort d\u2019averses et de brumes rampantes, mais rien n\u2019y fait : il&hellip;\n","protected":false},"author":2,"featured_media":611727,"comment_status":"","ping_status":"","sticky":false,"template":"","format":"standard","meta":{"footnotes":""},"categories":[2819],"tags":[1111,11,1777,674,1011,27,12,2401,882,25],"class_list":{"0":"post-611726","1":"post","2":"type-post","3":"status-publish","4":"format-standard","5":"has-post-thumbnail","7":"category-nice","8":"tag-actu","9":"tag-actualites","10":"tag-eu","11":"tag-europe","12":"tag-fr","13":"tag-france","14":"tag-news","15":"tag-nice","16":"tag-provence-alpes-cote-dazur","17":"tag-republique-francaise"},"share_on_mastodon":{"url":"https:\/\/pubeurope.com\/@fr\/115751966170817789","error":""},"_links":{"self":[{"href":"https:\/\/www.europesays.com\/fr\/wp-json\/wp\/v2\/posts\/611726","targetHints":{"allow":["GET"]}}],"collection":[{"href":"https:\/\/www.europesays.com\/fr\/wp-json\/wp\/v2\/posts"}],"about":[{"href":"https:\/\/www.europesays.com\/fr\/wp-json\/wp\/v2\/types\/post"}],"author":[{"embeddable":true,"href":"https:\/\/www.europesays.com\/fr\/wp-json\/wp\/v2\/users\/2"}],"replies":[{"embeddable":true,"href":"https:\/\/www.europesays.com\/fr\/wp-json\/wp\/v2\/comments?post=611726"}],"version-history":[{"count":0,"href":"https:\/\/www.europesays.com\/fr\/wp-json\/wp\/v2\/posts\/611726\/revisions"}],"wp:featuredmedia":[{"embeddable":true,"href":"https:\/\/www.europesays.com\/fr\/wp-json\/wp\/v2\/media\/611727"}],"wp:attachment":[{"href":"https:\/\/www.europesays.com\/fr\/wp-json\/wp\/v2\/media?parent=611726"}],"wp:term":[{"taxonomy":"category","embeddable":true,"href":"https:\/\/www.europesays.com\/fr\/wp-json\/wp\/v2\/categories?post=611726"},{"taxonomy":"post_tag","embeddable":true,"href":"https:\/\/www.europesays.com\/fr\/wp-json\/wp\/v2\/tags?post=611726"}],"curies":[{"name":"wp","href":"https:\/\/api.w.org\/{rel}","templated":true}]}}