{"id":611728,"date":"2025-12-20T12:47:12","date_gmt":"2025-12-20T12:47:12","guid":{"rendered":"https:\/\/www.europesays.com\/fr\/611728\/"},"modified":"2025-12-20T12:47:12","modified_gmt":"2025-12-20T12:47:12","slug":"logc-nice-tente-le-coup-elye-wahi","status":"publish","type":"post","link":"https:\/\/www.europesays.com\/fr\/611728\/","title":{"rendered":"L\u2019OGC Nice tente le coup Elye Wahi"},"content":{"rendered":"<p>Dimanche, l\u2019OGC Nice va mettre un point final \u00e0 son ann\u00e9e 2025 avec un ultime match <a href=\"https:\/\/www.footmercato.net\/live\/2093585108133017372-nice-vs-st-etienne\" target=\"_blank\" rel=\"noopener\">face \u00e0 l\u2019ASSE<\/a> en Coupe de France. Derniers et \u00e9limin\u00e9s en Ligue Europa, les Aiglons, <a href=\"https:\/\/www.footmercato.net\/france\/ligue-1\/classement\" target=\"_blank\" rel=\"noopener\">qui pointent \u00e0 la 13e place en Ligue 1<\/a>, esp\u00e8rent finir sur une bonne note, eux qui ont encha\u00een\u00e9 les mauvaises ces derni\u00e8res semaines. Outre le niveau de jeu et les r\u00e9sultats catastrophiques, la formation azur\u00e9enne a \u00e9t\u00e9 au centre des tensions avec certains supporters, qui ont d\u00e9pass\u00e9 les limites en insultant et en frappant le directeur sportif, Florian Maurice, ainsi que les joueurs J\u00e9r\u00e9mie Boga et Terem Moffi. Concernant ces deux \u00e9l\u00e9ments, Franck Haise a avou\u00e9 hier face \u00e0 la presse ne pas savoir de quoi serait fait leur avenir apr\u00e8s ces incidents, tout en \u00e9voquant le mercato \u00e0 venir. Un march\u00e9 qui sera tr\u00e8s important pour le club fran\u00e7ais. <\/p>\n<p>            La suite apr\u00e8s cette publicit\u00e9<\/p>\n<p>\u00ab Ils (ses joueurs, ndlr) auront six jours de coupure et on reprendra. Je me projette \u00e9videmment. On sait qu\u2019on doit am\u00e9liorer l\u2019effectif, alors si je peux contribuer, \u00e0 la demande de la direction sportive, \u00e0 appeler des gens que je connais, que j\u2019ai eus, ou que je n\u2019ai pas eus, bien s\u00fbr que je suis l\u00e0 et que je travaille. La situation est assez difficile pour ne pas baisser la garde. Il y a un certain nombre d\u2019\u00e9l\u00e9ments que je ne ma\u00eetrise pas. Terem et J\u00e9r\u00e9mie ? Je ne sais pas. Les blessures des d\u00e9fenseurs ? Non plus. Clauss ? Il n\u2019est pas venu me voir pour partir cet hiver. \u00bb Apr\u00e8s le d\u00e9part hier du pr\u00e9sident Fabrice Bocquet et les retours aux affaires de Jean-Pierre Riv\u00e8re et de Maurice Cohen, <a href=\"https:\/\/www.footmercato.net\/club\/ogc-nice\/\" target=\"_blank\" rel=\"noopener\">Nice<\/a> veut repartir du bon pied et apporter donc quelques retouches \u00e0 son effectif, notamment en attaque.<\/p>\n<p>            La suite apr\u00e8s cette publicit\u00e9<\/p>\n<p>        Nice s\u2019int\u00e9resse \u00e0 Wahi<\/p>\n<p>Un nom est d\u2019ailleurs sorti du chapeau. Selon nos informations, les pensionnaires de l\u2019Allianz Riviera suivent le cas d\u2019Elye Wahi. Ils se sont renseign\u00e9s sur la situation du joueur de 22 ans, qui pr\u00e9sente l\u2019avantage de conna\u00eetre la <a href=\"https:\/\/www.footmercato.net\/france\/ligue-1\/\" target=\"_blank\" rel=\"noopener\">Ligue 1<\/a>, mais aussi Haise depuis son passage au RC Lens. Arriv\u00e9 \u00e0 <a href=\"https:\/\/www.footmercato.net\/club\/eintracht-francfort\/\" target=\"_blank\" rel=\"noopener\">Francfort<\/a> le 24 janvier dernier lors du mercato d\u2019hiver, l\u2019attaquant souhaitait se relancer apr\u00e8s son passage \u00e0 l\u2019Olympique de Marseille. Durant ses six premiers mois en Allemagne, il a pris tout doucement ses marques, lui qui a particip\u00e9 \u00e0 11 rencontres toutes comp\u00e9titions confondues. Il a attendu la saison 2025-26 pour ouvrir son compteur but. En effet, il a trouv\u00e9 le chemin des filets le 17 ao\u00fbt dernier contre le FV Engers 07 en Coupe d\u2019Allemagne. Il a aussi d\u00e9livr\u00e9 3 passes d\u00e9cisives cette saison. <\/p>\n<p>Le tout en 14 apparitions toutes comp\u00e9titions confondues (400 minutes jou\u00e9es), dont seulement trois dans la peau d\u2019un titulaire. Tout cela n\u2019a donc pas \u00e9chapp\u00e9 \u00e0 la vigilance de Nice. Un club qui va devoir batailler pour s\u2019attacher ses services. Selon nos informations, la tendance pour le moment est que Wahi ne bouge pas de Francfort durant ce mercato d\u2019hiver. Malgr\u00e9 son faible temps de jeu, il a encore des partisans et des soutiens en interne. Il a aussi des admirateurs \u00e0 l\u2019ext\u00e9rieur, lui qu\u2019on n\u2019a pas forc\u00e9ment oubli\u00e9 en France. Vendredi, L\u2019\u00c9quipe \u00e9voquait un int\u00e9r\u00eat du Paris FC. Ce samedi, Nice s\u2019est ajout\u00e9 \u00e0 la liste des pr\u00e9tendants du footballeur sous contrat jusqu\u2019en juin 2030. <\/p>\n<p>\n    Pub. le 20\/12\/2025 12:48<br \/>\n            &#8211; MAJ le 20\/12\/2025 13:40\n    <\/p>\n","protected":false},"excerpt":{"rendered":"Dimanche, l\u2019OGC Nice va mettre un point final \u00e0 son ann\u00e9e 2025 avec un ultime match face \u00e0&hellip;\n","protected":false},"author":2,"featured_media":611729,"comment_status":"","ping_status":"","sticky":false,"template":"","format":"standard","meta":{"footnotes":""},"categories":[2819],"tags":[1111,11,1777,674,1011,27,12,2401,882,25],"class_list":{"0":"post-611728","1":"post","2":"type-post","3":"status-publish","4":"format-standard","5":"has-post-thumbnail","7":"category-nice","8":"tag-actu","9":"tag-actualites","10":"tag-eu","11":"tag-europe","12":"tag-fr","13":"tag-france","14":"tag-news","15":"tag-nice","16":"tag-provence-alpes-cote-dazur","17":"tag-republique-francaise"},"share_on_mastodon":{"url":"https:\/\/pubeurope.com\/@fr\/115751973335397201","error":""},"_links":{"self":[{"href":"https:\/\/www.europesays.com\/fr\/wp-json\/wp\/v2\/posts\/611728","targetHints":{"allow":["GET"]}}],"collection":[{"href":"https:\/\/www.europesays.com\/fr\/wp-json\/wp\/v2\/posts"}],"about":[{"href":"https:\/\/www.europesays.com\/fr\/wp-json\/wp\/v2\/types\/post"}],"author":[{"embeddable":true,"href":"https:\/\/www.europesays.com\/fr\/wp-json\/wp\/v2\/users\/2"}],"replies":[{"embeddable":true,"href":"https:\/\/www.europesays.com\/fr\/wp-json\/wp\/v2\/comments?post=611728"}],"version-history":[{"count":0,"href":"https:\/\/www.europesays.com\/fr\/wp-json\/wp\/v2\/posts\/611728\/revisions"}],"wp:featuredmedia":[{"embeddable":true,"href":"https:\/\/www.europesays.com\/fr\/wp-json\/wp\/v2\/media\/611729"}],"wp:attachment":[{"href":"https:\/\/www.europesays.com\/fr\/wp-json\/wp\/v2\/media?parent=611728"}],"wp:term":[{"taxonomy":"category","embeddable":true,"href":"https:\/\/www.europesays.com\/fr\/wp-json\/wp\/v2\/categories?post=611728"},{"taxonomy":"post_tag","embeddable":true,"href":"https:\/\/www.europesays.com\/fr\/wp-json\/wp\/v2\/tags?post=611728"}],"curies":[{"name":"wp","href":"https:\/\/api.w.org\/{rel}","templated":true}]}}