{"id":611734,"date":"2025-12-20T12:50:13","date_gmt":"2025-12-20T12:50:13","guid":{"rendered":"https:\/\/www.europesays.com\/fr\/611734\/"},"modified":"2025-12-20T12:50:13","modified_gmt":"2025-12-20T12:50:13","slug":"cinq-idees-de-sorties-pour-petits-et-grands-a-faire-pendant-les-vacances-de-fin-dannee-a-bordeaux","status":"publish","type":"post","link":"https:\/\/www.europesays.com\/fr\/611734\/","title":{"rendered":"Cinq id\u00e9es de sorties pour petits et grands \u00e0 faire pendant les vacances de fin d&rsquo;ann\u00e9e \u00e0 Bordeaux"},"content":{"rendered":"<p>                    Par<br \/>\n        <strong><br \/>\n            <a href=\"https:\/\/actu.fr\/auteur\/juliette-cardinale\" title=\"Consulter tous les articles de Juliette Cardinale\" target=\"_blank\" rel=\"noopener\">Juliette Cardinale<\/a><br \/>\n                    <\/strong><\/p>\n<p>        Publi\u00e9 le<\/p>\n<p>            20 d\u00e9c. 2025 \u00e0 12h46        <\/p>\n<p>Les vacances de No\u00ebl commencent ce soir du vendredi 19 d\u00e9cembre 2025. Pour vous occuper, <a href=\"https:\/\/actu.fr\/bordeaux\/\" target=\"_blank\" rel=\"noopener\">actu Bordeaux<\/a> a s\u00e9lectionn\u00e9 <strong>cinq activit\u00e9s \u00e0 faire en famille<\/strong> \u2013 qu\u2019il fasse beau ou qu\u2019il pleuve.\u00a0Attention, la r\u00e9servation est fortement conseill\u00e9e pour la plupart.\u00a0<\/p>\n<p>Plonger dans l\u2019oc\u00e9an aux Bassins des Lumi\u00e8res<\/p>\n<p class=\" wall-content\">On vous l\u2019a d\u00e9j\u00e0 pr\u00e9sent\u00e9e, mais on ne s\u2019en lasse pas. L\u2019exposition <a href=\"https:\/\/actu.fr\/nouvelle-aquitaine\/bordeaux_33063\/en-images-une-nouvelle-exposition-plonge-les-bassins-des-lumieres-dans-les-profondeurs-des-oceans_63272976.html\" target=\"_blank\" rel=\"noopener\">\u00ab\u00a0Oc\u00e9an : immersion dans le monde sous-marin\u00a0\u00bb<\/a> est visible aux <strong>Bassins des Lumi\u00e8res.\u00a0<\/strong>Pens\u00e9e comme une odyss\u00e9e sensorielle et po\u00e9tique, elle\u00a0plonge le visiteur dans les profondeurs des oc\u00e9ans gr\u00e2ce \u00e0 une plong\u00e9e sous-marine grandeur nature, au milieu d\u2019une centaine d\u2019esp\u00e8ces animales et v\u00e9g\u00e9tales.\u00a0<\/p>\n<p class=\" wall-content\">\n<p class=\" wall-content\">Musiques de films, <strong>sons naturels<\/strong> capt\u00e9s dans l\u2019oc\u00e9an, projections de mammif\u00e8res marins grandeur nature, mondes polaires et tropicaux\u2026 Tout y est pour \u00e9merveiller petits et grands.\u00a0<\/p>\n<p>D\u00e9couvrir l\u2019exposition Rammellzee au CAPC<\/p>\n<p class=\" wall-content\">C\u2019est une exposition qui nous a bluff\u00e9s et on ne peut que vous conseiller d\u2019y faire un tour pendant les vacances. Le CAPC met en lumi\u00e8re <strong>l\u2019artiste new-yorkais Rammellzee,<\/strong> qui a marqu\u00e9 la contre-culture hip-hop des ann\u00e9es 1970 et 1980. Il a multipli\u00e9 les pratiques\u2009et a influenc\u00e9 des artistes \u00e0 travers le monde. Dans\u00a0Rammellzee Alphabeta Sigma (Face B),\u00a0le CAPC remet aussi\u00a0dans son contexte\u00a0la production de Rammellzee, avec des \u0153uvres de <strong>Madonna, Jean-Michel Basquiat, Andy Warhol\u2026<\/strong><\/p>\n<p class=\" wall-content\"><a href=\"https:\/\/www.instagram.com\/p\/DQFHDTZAty4\/embed\" title=\"Ouvrir le lien sur Instagram\" target=\"_blank\" rel=\"noopener\">Visualiser le contenu sur Instagram<\/a><\/p>\n<p class=\" wall-content\">Et pour les enfants, de nombreuses animations ludiques et cr\u00e9atives sont organis\u00e9es pendant les vacances, du 20 d\u00e9cembre au 4 janvier. Ne manquez pas <strong>la f\u00eate de fin d\u2019ann\u00e9e<\/strong> le dimanche 28 d\u00e9cembre. Direction <a href=\"https:\/\/www.capc-bordeaux.fr\/agenda\" target=\"_blank\" rel=\"noopener\">le site du CAPC pour tous les d\u00e9tails.<\/a><\/p>\n<p>Profiter des animations de No\u00ebl<\/p>\n<p class=\" wall-content\">Il est encore temps de <a href=\"https:\/\/actu.fr\/nouvelle-aquitaine\/bordeaux_33063\/ca-y-est-le-marche-de-noel-de-bordeaux-a-ouvert-ses-portes-tout-savoir-pour-en-profiter_63504217.html\" target=\"_blank\" rel=\"noopener\">profiter du march\u00e9 de No\u00ebl,<\/a> ouvert jusqu\u2019au dimanche 28 d\u00e9cembre 2025. Mais m\u00eame pour la deuxi\u00e8me partie des vacances scolaires, la <strong>magie des animations de fin d\u2019ann\u00e9e<\/strong> ne s\u2019arr\u00eate pas \u00e0 Bordeaux.<\/p>\n<p class=\" wall-content\"><a href=\"https:\/\/actu.fr\/nouvelle-aquitaine\/bordeaux_33063\/la-magie-de-noel-debarque-a-bordeaux-decouvrez-le-programme-complet-des-animations-gratuites_63476281.html\" target=\"_blank\" rel=\"noopener\">Jusqu\u2019au 4 janvier<\/a> des man\u00e8ges restent pr\u00e9sents sur la place des Quinconces, la patinoire aux all\u00e9es de Tourny, les illuminations des rues et la projection sur le Grand Th\u00e9\u00e2tre. <strong>Le sapin en verre<\/strong> est \u00e9galement allum\u00e9 chaque jour de 7 heures \u00e0 10 heures puis de 16 heures 30 \u00e0 minuit.<\/p>\n<p>Votre r\u00e9gion, votre actu !<\/p>\n<p>Recevez chaque jour les infos qui comptent pour vous.<\/p>\n<p>\t<a href=\"https:\/\/actu.fr\/newsletter\" class=\"ac-btn ac-btn--corner ac-btn--medium ac-btn--blue800\" target=\"_blank\" rel=\"noopener\">S&rsquo;incrire<\/a><br \/>\nVoyager dans l\u2019Odyss\u00e9e Lumineuse<\/p>\n<p class=\" wall-content\">Jusqu\u2019au 11 janvier 2026, <a href=\"https:\/\/actu.fr\/nouvelle-aquitaine\/bordeaux_33063\/l-odyssee-lumineuse-est-de-retour-a-bordeaux-et-on-vous-offre-des-places-pour-y-assister-gratuitement_63575694.html\" target=\"_blank\" rel=\"noopener\">le parc bordelais se transforme en exposition f\u00e9\u00e9rique.<\/a> \u00c0 la tomb\u00e9e de la nuit,<strong> 1 000 lanternes s\u2019illuminent<\/strong> pour proposer un parcours fantastique et des aurores bor\u00e9ales sont projet\u00e9es dans le ciel bordelais.<\/p>\n<p>    <a href=\"https:\/\/www.facebook.com\/plugins\/video.php?height=476&amp;href=https%3A%2F%2Fwww.facebook.com%2F1001lumieres.fr%2Fvideos%2F1625763638403861%2F&amp;show_text=false&amp;width=350&amp;t=0\" title=\"Ouvrie le lien\" target=\"_blank\" rel=\"noopener\">Cliquez ici pour visualiser le contenu<\/a><\/p>\n<p class=\" wall-content\">Une v\u00e9ritable balade \u00e0 travers \u00ab\u00a0une <strong>for\u00eat de f\u00e9es,<\/strong> peupl\u00e9e de cr\u00e9atures lumineuses et espi\u00e8gles, la vall\u00e9e des dinosaures, les koalas en pleine s\u00e9ance de yoga, les pandas roux rayonnants, la for\u00eat d\u2019arbres scintillants, les fonds marins color\u00e9s, les licornes magiques, le myst\u00e8re des Indes et l\u2019univers envo\u00fbtant des pharaons\u00a0\u00bb.<\/p>\n<p>Voyager sur la lune \u00e0 Cap sciences\u00a0\u00a0<\/p>\n<p class=\" wall-content\">L\u2019exposition Lune \u00ab\u00a0vous invite \u00e0 partager une aventure du r\u00e9el \u00e0 l\u2019imaginaire, dans laquelle <strong>vivre sur la Lune<\/strong> devient possible\u00a0\u00bb explique <a href=\"https:\/\/www.cap-sciences.net\/au-programme\/exposition\/grand-public\/lune-preparez-explorez-revez\/\" target=\"_blank\" rel=\"noopener\">Cap Sciences.<\/a> D\u00e8s 7 ans, les enfants (et les adultes !) peuvent tester leurs aptitudes d\u2019astronautes.<\/p>\n<p>    <a href=\"https:\/\/www.facebook.com\/plugins\/video.php?height=476&amp;href=https%3A%2F%2Fwww.facebook.com%2Freel%2F2030584124357581%2F&amp;show_text=false&amp;width=350&amp;t=0\" title=\"Ouvrie le lien\" target=\"_blank\" rel=\"noopener\">Cliquez ici pour visualiser le contenu<\/a><\/p>\n<p class=\" wall-content\">Gagner des badges de comp\u00e9tences, <strong>explorer une base scientifique lunaire,<\/strong> r\u00eaver d\u2019une cit\u00e9-\u00e9tat sur la Lune\u2026 Les activit\u00e9s sont nombreuses au fil de l\u2019exposition.\u00a0<\/p>\n<p class=\" wall-content\">Personnalisez votre actualit\u00e9 en ajoutant vos villes et m\u00e9dias en favori avec <a href=\"https:\/\/moncompte.actu.fr\" title=\"D\u00e9couvez Mon Actu\" rel=\"nofollow noopener\" data-trk=\"{&quot;cta&quot;:{&quot;action&quot;:&quot;https:\\\/\\\/moncompte.actu.fr&quot;,&quot;category&quot;:&quot;mon compte&quot;,&quot;from&quot;:&quot;article footer&quot;,&quot;name&quot;:&quot;Mon actu&quot;,&quot;type&quot;:&quot;cta&quot;}}\" target=\"_blank\">Mon Actu<\/a>.<\/p>\n<p>                    <script async src=\"\/\/www.instagram.com\/embed.js\"><\/script><\/p>\n","protected":false},"excerpt":{"rendered":"Par Juliette Cardinale Publi\u00e9 le 20 d\u00e9c. 2025 \u00e0 12h46 Les vacances de No\u00ebl commencent ce soir du&hellip;\n","protected":false},"author":2,"featured_media":611735,"comment_status":"","ping_status":"","sticky":false,"template":"","format":"standard","meta":{"footnotes":""},"categories":[2817],"tags":[1111,11,1997,1777,674,1011,27,1652,12,15830,2219,25,3176],"class_list":{"0":"post-611734","1":"post","2":"type-post","3":"status-publish","4":"format-standard","5":"has-post-thumbnail","7":"category-bordeaux","8":"tag-actu","9":"tag-actualites","10":"tag-bordeaux","11":"tag-eu","12":"tag-europe","13":"tag-fr","14":"tag-france","15":"tag-loisirs-culture","16":"tag-news","17":"tag-noel","18":"tag-nouvelle-aquitaine","19":"tag-republique-francaise","20":"tag-vacances-scolaires"},"share_on_mastodon":{"url":"https:\/\/pubeurope.com\/@fr\/115751985099633468","error":""},"_links":{"self":[{"href":"https:\/\/www.europesays.com\/fr\/wp-json\/wp\/v2\/posts\/611734","targetHints":{"allow":["GET"]}}],"collection":[{"href":"https:\/\/www.europesays.com\/fr\/wp-json\/wp\/v2\/posts"}],"about":[{"href":"https:\/\/www.europesays.com\/fr\/wp-json\/wp\/v2\/types\/post"}],"author":[{"embeddable":true,"href":"https:\/\/www.europesays.com\/fr\/wp-json\/wp\/v2\/users\/2"}],"replies":[{"embeddable":true,"href":"https:\/\/www.europesays.com\/fr\/wp-json\/wp\/v2\/comments?post=611734"}],"version-history":[{"count":0,"href":"https:\/\/www.europesays.com\/fr\/wp-json\/wp\/v2\/posts\/611734\/revisions"}],"wp:featuredmedia":[{"embeddable":true,"href":"https:\/\/www.europesays.com\/fr\/wp-json\/wp\/v2\/media\/611735"}],"wp:attachment":[{"href":"https:\/\/www.europesays.com\/fr\/wp-json\/wp\/v2\/media?parent=611734"}],"wp:term":[{"taxonomy":"category","embeddable":true,"href":"https:\/\/www.europesays.com\/fr\/wp-json\/wp\/v2\/categories?post=611734"},{"taxonomy":"post_tag","embeddable":true,"href":"https:\/\/www.europesays.com\/fr\/wp-json\/wp\/v2\/tags?post=611734"}],"curies":[{"name":"wp","href":"https:\/\/api.w.org\/{rel}","templated":true}]}}