{"id":611738,"date":"2025-12-20T12:52:12","date_gmt":"2025-12-20T12:52:12","guid":{"rendered":"https:\/\/www.europesays.com\/fr\/611738\/"},"modified":"2025-12-20T12:52:12","modified_gmt":"2025-12-20T12:52:12","slug":"la-journee-a-mal-commence-sur-la62-pres-de-toulouse","status":"publish","type":"post","link":"https:\/\/www.europesays.com\/fr\/611738\/","title":{"rendered":"la journ\u00e9e a mal commenc\u00e9 sur l&rsquo;A62 pr\u00e8s de Toulouse"},"content":{"rendered":"<p>                    Par<br \/>\n        <strong><br \/>\n            <a href=\"https:\/\/actu.fr\/auteur\/david-saint-sernin\" title=\"Consulter tous les articles de David Saint-Sernin\" target=\"_blank\" rel=\"noopener\">David Saint-Sernin<\/a><br \/>\n                    <\/strong><\/p>\n<p>        Publi\u00e9 le<\/p>\n<p>            20 d\u00e9c. 2025 \u00e0 13h19        <\/p>\n<p>Samedi 20\u00a0d\u00e9cembre 2025, la journ\u00e9e a bien mal commenc\u00e9 <a href=\"https:\/\/actu.fr\/tag\/autoroute-62-a62\" target=\"_blank\" rel=\"noopener\">sur l\u2019autoroute A 62<\/a>, au nord de <a href=\"https:\/\/actu.fr\/toulouse\/\" target=\"_blank\" rel=\"noopener\">Toulouse.<\/a><\/p>\n<p class=\" wall-content\">Il \u00e9tait environ 6h30 quand un accident a impliqu\u00e9 deux v\u00e9hicules dans le sens Toulouse-Bordeaux. L\u2019accident s\u2019est produit au niveau de Saint-Jory, sur la voie du milieu.<\/p>\n<p class=\" wall-content\">Les services de Vinci et les pompiers sont rapidement intervenus sur place.<\/p>\n<p>Un bless\u00e9 enregistr\u00e9<\/p>\n<p class=\" wall-content\">Le conducteur du v\u00e9hicule a \u00e9t\u00e9 bless\u00e9 mais ses jours n\u2019\u00e9taient pas en danger.<\/p>\n<p class=\" wall-content\">Deux voies ont \u00e9t\u00e9 neutralis\u00e9es pendant environ 1h30, le temps d\u2019assister la personne accident\u00e9e et de lib\u00e9rer l\u2019autoroute des deux v\u00e9hicules.<\/p>\n<p>Vid\u00e9os : en ce moment sur Actu<br \/>\n    <img   decoding=\"async\" loading=\"lazy\" src=\"https:\/\/www.europesays.com\/fr\/wp-content\/uploads\/2025\/12\/img-20251220-wa0002-1-960x640.jpg\" alt=\"Deux voies de l'autoroute ont \u00e9t\u00e9 neutralis\u00e9es samedi 20 d\u00e9cembre 2025, au nord de Toulouse, suite \u00e0 un accident.\" width=\"960\" height=\"640\"\/><br \/>\n    Deux voies de l\u2019autoroute ont \u00e9t\u00e9 neutralis\u00e9es samedi 20 d\u00e9cembre 2025, au nord de Toulouse, suite \u00e0 un accident. (\u00a9MD\/Actu.fr)<\/p>\n<p class=\" wall-content\">Un ralentissement a \u00e9t\u00e9 enregistr\u00e9. Tout \u00e9tait revenu dans l\u2019ordre vers 8h30.<\/p>\n<p class=\" wall-content\">Personnalisez votre actualit\u00e9 en ajoutant vos villes et m\u00e9dias en favori avec <a href=\"https:\/\/moncompte.actu.fr\" title=\"D\u00e9couvez Mon Actu\" rel=\"nofollow noopener\" data-trk=\"{&quot;cta&quot;:{&quot;action&quot;:&quot;https:\\\/\\\/moncompte.actu.fr&quot;,&quot;category&quot;:&quot;mon compte&quot;,&quot;from&quot;:&quot;article footer&quot;,&quot;name&quot;:&quot;Mon actu&quot;,&quot;type&quot;:&quot;cta&quot;}}\" target=\"_blank\">Mon Actu<\/a>.<\/p>\n","protected":false},"excerpt":{"rendered":"Par David Saint-Sernin Publi\u00e9 le 20 d\u00e9c. 2025 \u00e0 13h19 Samedi 20\u00a0d\u00e9cembre 2025, la journ\u00e9e a bien mal&hellip;\n","protected":false},"author":2,"featured_media":611739,"comment_status":"","ping_status":"","sticky":false,"template":"","format":"standard","meta":{"footnotes":""},"categories":[2816],"tags":[119,1111,11,6343,1777,674,1011,27,12,2680,25,104,2312],"class_list":{"0":"post-611738","1":"post","2":"type-post","3":"status-publish","4":"format-standard","5":"has-post-thumbnail","7":"category-toulouse","8":"tag-accident","9":"tag-actu","10":"tag-actualites","11":"tag-autoroute-62-a62","12":"tag-eu","13":"tag-europe","14":"tag-fr","15":"tag-france","16":"tag-news","17":"tag-occitanie","18":"tag-republique-francaise","19":"tag-societe","20":"tag-toulouse"},"share_on_mastodon":{"url":"https:\/\/pubeurope.com\/@fr\/115751993656583341","error":""},"_links":{"self":[{"href":"https:\/\/www.europesays.com\/fr\/wp-json\/wp\/v2\/posts\/611738","targetHints":{"allow":["GET"]}}],"collection":[{"href":"https:\/\/www.europesays.com\/fr\/wp-json\/wp\/v2\/posts"}],"about":[{"href":"https:\/\/www.europesays.com\/fr\/wp-json\/wp\/v2\/types\/post"}],"author":[{"embeddable":true,"href":"https:\/\/www.europesays.com\/fr\/wp-json\/wp\/v2\/users\/2"}],"replies":[{"embeddable":true,"href":"https:\/\/www.europesays.com\/fr\/wp-json\/wp\/v2\/comments?post=611738"}],"version-history":[{"count":0,"href":"https:\/\/www.europesays.com\/fr\/wp-json\/wp\/v2\/posts\/611738\/revisions"}],"wp:featuredmedia":[{"embeddable":true,"href":"https:\/\/www.europesays.com\/fr\/wp-json\/wp\/v2\/media\/611739"}],"wp:attachment":[{"href":"https:\/\/www.europesays.com\/fr\/wp-json\/wp\/v2\/media?parent=611738"}],"wp:term":[{"taxonomy":"category","embeddable":true,"href":"https:\/\/www.europesays.com\/fr\/wp-json\/wp\/v2\/categories?post=611738"},{"taxonomy":"post_tag","embeddable":true,"href":"https:\/\/www.europesays.com\/fr\/wp-json\/wp\/v2\/tags?post=611738"}],"curies":[{"name":"wp","href":"https:\/\/api.w.org\/{rel}","templated":true}]}}