{"id":611744,"date":"2025-12-20T12:55:21","date_gmt":"2025-12-20T12:55:21","guid":{"rendered":"https:\/\/www.europesays.com\/fr\/611744\/"},"modified":"2025-12-20T12:55:21","modified_gmt":"2025-12-20T12:55:21","slug":"nablezon-vient-de-publier-un-livre-de-150-photos-dedie-a-la-metropole-de-lille","status":"publish","type":"post","link":"https:\/\/www.europesays.com\/fr\/611744\/","title":{"rendered":"Nablezon vient de publier un livre de 150 photos d\u00e9di\u00e9 \u00e0 la M\u00e9tropole de Lille"},"content":{"rendered":"<p style=\"text-align: justify;\"><strong>Nablezon,<\/strong> <strong>photographe <\/strong>et <strong>vid\u00e9aste Lillois <\/strong>est <strong>un conteur d\u2019instants, un chasseur d\u2019\u00e9motions. Son c\u0153ur bat au rythme des paysages du Nord, o\u00f9 chaque b\u00e2timent, chaque rue, chaque reflet raconte une histoire. <\/strong>A travers ses <strong>images, Nablezon <\/strong>nous<strong> invite \u00e0 voyager<\/strong> dans la <strong>m\u00e9tropole lilloise !<\/strong><\/p>\n<p style=\"text-align: justify;\"><strong>Ce livre<\/strong> vous fait <strong>(re)d\u00e9couvrir la <\/strong><strong>M\u00e9tropole <\/strong><strong>sous un regard neuf<\/strong> autour de <strong>150 photographies <\/strong>toutes <strong>plus belles les unes que les autres.<\/strong> <strong>Depuis les toits,<\/strong> les <strong>\u00e9v\u00e8nements culturels &amp; sportifs,<\/strong> les <strong>espaces naturels<\/strong> en passant par <strong>les rues &amp; places que vous empruntez<\/strong> <strong>tous les jours.<\/strong> <strong>Nablezon<\/strong> a <strong>immortalis\u00e9 au fil des pages<\/strong> la<strong> m\u00e9tropole lilloise <\/strong>\u00e0 <strong>diff\u00e9rentes saisons.<\/strong><\/p>\n<p><img loading=\"lazy\" decoding=\"async\" width=\"819\" height=\"1024\" src=\"https:\/\/www.europesays.com\/fr\/wp-content\/uploads\/2025\/12\/nablezon_livre_2025_06-819x1024.webp.webp\" alt=\"\" class=\"wp-image-89372\" style=\"aspect-ratio:0.7998046875;width:500px\"  \/><\/p>\n<p class=\"has-text-align-center\">Cr\u00e9dit : DR -\u00a9 ISSI MAG \/ \u00a9 Nablezon<\/p>\n<p style=\"text-align: justify;\">Tout commence par une passion <br \/><strong>Tomb\u00e9 sous le charme de sa ville<\/strong> et<strong> sa r\u00e9gion,<\/strong> <strong>Nablezon,<\/strong> <strong>Lillois depuis plusieurs ann\u00e9es,<\/strong> est <strong>un photographe<\/strong> et <strong>vid\u00e9aste,<\/strong> <strong>sp\u00e9cialis\u00e9 dans le tourisme<\/strong> qui met en avant<strong> l\u2019histoire <\/strong>et <strong>la culture des Hauts-de-France<\/strong> \u00e0 travers ses<strong> reportages<\/strong> sur ses r\u00e9seaux sociaux @nablezon (<a href=\"https:\/\/www.facebook.com\/nablezone\" target=\"_blank\" rel=\"noopener\">Facebook<\/a> &amp; <a href=\"https:\/\/www.instagram.com\/nablezon\" target=\"_blank\" rel=\"noopener\">Instagram<\/a>).\u00a0<\/p>\n<p><img loading=\"lazy\" decoding=\"async\" width=\"1024\" height=\"683\" src=\"https:\/\/www.europesays.com\/fr\/wp-content\/uploads\/2025\/12\/nablezon_livre_2025_02-1024x683.jpg\" alt=\"\" class=\"wp-image-89363\" style=\"aspect-ratio:1.499267935578331;width:600px\"  \/><\/p>\n<p style=\"text-align: justify;\">Un livre pour les amoureux de leurs villes <br \/>Que vous soyez <strong>m\u00e9tropolitain, amoureux de belles images<\/strong> ou <strong>curieux de d\u00e9couvrir des lieux connus ou m\u00e9connus. <\/strong>\u00ab Voir La M\u00e9tropole de Lille Autrement \u00bb est <strong>fait pour vous.<\/strong><\/p>\n<tr>\n<td><a href=\"https:\/\/www.europesays.com\/fr\/wp-content\/uploads\/2025\/12\/nablezon_livre_2025_04.webp.webp\" target=\"_blank\" rel=\"noreferrer noopener\"><img decoding=\"async\" loading=\"lazy\" width=\"1799\" height=\"1200\" class=\"wp-image-89365\" style=\"width: 500px;\" src=\"https:\/\/www.europesays.com\/fr\/wp-content\/uploads\/2025\/12\/nablezon_livre_2025_04.webp.webp\" alt=\"\"  \/><\/a><\/td>\n<td><a href=\"https:\/\/www.europesays.com\/fr\/wp-content\/uploads\/2025\/12\/nablezon_livre_2025_05.webp.webp\" target=\"_blank\" rel=\"noreferrer noopener\"><img decoding=\"async\" loading=\"lazy\" width=\"1799\" height=\"1200\" class=\"wp-image-89366\" style=\"width: 500px;\" src=\"https:\/\/www.europesays.com\/fr\/wp-content\/uploads\/2025\/12\/nablezon_livre_2025_05.webp.webp\" alt=\"\"  \/><\/a><\/td>\n<\/tr>\n<p style=\"text-align: center;\">Cr\u00e9dit : DR -\u00a9 ISSI MAG \/ \u00a9 Nablezon<\/p>\n<p style=\"text-align: justify;\">Diff\u00e9rents points de ventes <br \/>Vous pouvez retrouver cet <strong>ouvrage <\/strong>au <strong>Furet du Nord<\/strong> ainsi que sur le <a href=\"https:\/\/www.issieditions.fr\/\" target=\"_blank\" rel=\"noreferrer noopener\"><strong>site internet Issi Editions<\/strong><\/a> au prix de <strong>39,90\u20ac.<\/strong><\/p>\n<p><strong><b><img decoding=\"async\" loading=\"lazy\" class=\"size-full wp-image-45 lazyloaded tie-appear\" src=\"https:\/\/www.europesays.com\/fr\/wp-content\/uploads\/2025\/11\/arrow.png\" alt=\"\" width=\"9\" height=\"9\" data-lazy-src=\"https:\/\/www.europesays.com\/fr\/wp-content\/uploads\/2025\/11\/arrow.png\"\/><\/b><\/strong> <a href=\"https:\/\/nablezon.com\/\" target=\"_blank\" rel=\"noopener\">Site internet de Nablezon<\/a><\/p>\n<p style=\"text-align: right;\">Source &amp; photos : DR \u2013 \u00a9 ISSI MAG \/ \u00a9 Nablezon<\/p>\n<p>\t\t\t\t\t\t\t\t\t<script async src=\"\/\/www.instagram.com\/embed.js\"><\/script><\/p>\n","protected":false},"excerpt":{"rendered":"Nablezon, photographe et vid\u00e9aste Lillois est un conteur d\u2019instants, un chasseur d\u2019\u00e9motions. Son c\u0153ur bat au rythme des&hellip;\n","protected":false},"author":2,"featured_media":611745,"comment_status":"","ping_status":"","sticky":false,"template":"","format":"standard","meta":{"footnotes":""},"categories":[2815],"tags":[1111,11,1777,674,1011,27,72282,811,1307,2003,72283,12,27568,25,72284],"class_list":{"0":"post-611744","1":"post","2":"type-post","3":"status-publish","4":"format-standard","5":"has-post-thumbnail","7":"category-lille","8":"tag-actu","9":"tag-actualites","10":"tag-eu","11":"tag-europe","12":"tag-fr","13":"tag-france","14":"tag-furet-du-nord","15":"tag-hauts-de-france","16":"tag-lille","17":"tag-livre","18":"tag-nablezon","19":"tag-news","20":"tag-photographies","21":"tag-republique-francaise","22":"tag-voir-la-metropole-de-lille-autrement"},"share_on_mastodon":{"url":"https:\/\/pubeurope.com\/@fr\/115752005631791122","error":""},"_links":{"self":[{"href":"https:\/\/www.europesays.com\/fr\/wp-json\/wp\/v2\/posts\/611744","targetHints":{"allow":["GET"]}}],"collection":[{"href":"https:\/\/www.europesays.com\/fr\/wp-json\/wp\/v2\/posts"}],"about":[{"href":"https:\/\/www.europesays.com\/fr\/wp-json\/wp\/v2\/types\/post"}],"author":[{"embeddable":true,"href":"https:\/\/www.europesays.com\/fr\/wp-json\/wp\/v2\/users\/2"}],"replies":[{"embeddable":true,"href":"https:\/\/www.europesays.com\/fr\/wp-json\/wp\/v2\/comments?post=611744"}],"version-history":[{"count":0,"href":"https:\/\/www.europesays.com\/fr\/wp-json\/wp\/v2\/posts\/611744\/revisions"}],"wp:featuredmedia":[{"embeddable":true,"href":"https:\/\/www.europesays.com\/fr\/wp-json\/wp\/v2\/media\/611745"}],"wp:attachment":[{"href":"https:\/\/www.europesays.com\/fr\/wp-json\/wp\/v2\/media?parent=611744"}],"wp:term":[{"taxonomy":"category","embeddable":true,"href":"https:\/\/www.europesays.com\/fr\/wp-json\/wp\/v2\/categories?post=611744"},{"taxonomy":"post_tag","embeddable":true,"href":"https:\/\/www.europesays.com\/fr\/wp-json\/wp\/v2\/tags?post=611744"}],"curies":[{"name":"wp","href":"https:\/\/api.w.org\/{rel}","templated":true}]}}