{"id":611750,"date":"2025-12-20T12:58:12","date_gmt":"2025-12-20T12:58:12","guid":{"rendered":"https:\/\/www.europesays.com\/fr\/611750\/"},"modified":"2025-12-20T12:58:12","modified_gmt":"2025-12-20T12:58:12","slug":"les-ecologistes-se-felicitent-pour-la-regie-publique-de-leau","status":"publish","type":"post","link":"https:\/\/www.europesays.com\/fr\/611750\/","title":{"rendered":"les \u00e9cologistes se f\u00e9licitent pour la r\u00e9gie publique de l\u2019eau"},"content":{"rendered":"<p>\u00ab\u00a0Nos opposants pr\u00e9disaient que le passage en r\u00e9gie directe co\u00fbterait trop cher, qu\u2019on n\u2019en \u00e9tait pas capables, qu\u2019elle serait ing\u00e9rable\u2026 La R\u00e9gie publique de l\u2019eau se porte bien\u00a0\u00bb, a r\u00e9sum\u00e9 Claire Brossaud lundi en s\u00e9ance pl\u00e9ni\u00e8re de la M\u00e9tropole de Lyon.<\/p>\n<p>\u00ab\u00a0Factuellement, c\u2019est un prix inf\u00e9rieur \u00e0 celui de la moyenne nationale, une croissance \u00e0 deux&#8230;<\/p>\n","protected":false},"excerpt":{"rendered":"\u00ab\u00a0Nos opposants pr\u00e9disaient que le passage en r\u00e9gie directe co\u00fbterait trop cher, qu\u2019on n\u2019en \u00e9tait pas capables, qu\u2019elle&hellip;\n","protected":false},"author":2,"featured_media":611751,"comment_status":"","ping_status":"","sticky":false,"template":"","format":"standard","meta":{"footnotes":""},"categories":[1889],"tags":[1111,11,2430,130,33,2757,1777,674,1011,27,3539,2428,2756,12,316,2922,25,2429],"class_list":{"0":"post-611750","1":"post","2":"type-post","3":"status-publish","4":"format-standard","5":"has-post-thumbnail","7":"category-lyon","8":"tag-actu","9":"tag-actualites","10":"tag-auvergne-rhone-alpes","11":"tag-consommation","12":"tag-economie","13":"tag-edition-lyon-villeurbanne","14":"tag-eu","15":"tag-europe","16":"tag-fr","17":"tag-france","18":"tag-les-ecologistes","19":"tag-lyon","20":"tag-lyon-bassin","21":"tag-news","22":"tag-politique","23":"tag-pouvoir-dachat","24":"tag-republique-francaise","25":"tag-rhone"},"share_on_mastodon":{"url":"https:\/\/pubeurope.com\/@fr\/115752016732854279","error":""},"_links":{"self":[{"href":"https:\/\/www.europesays.com\/fr\/wp-json\/wp\/v2\/posts\/611750","targetHints":{"allow":["GET"]}}],"collection":[{"href":"https:\/\/www.europesays.com\/fr\/wp-json\/wp\/v2\/posts"}],"about":[{"href":"https:\/\/www.europesays.com\/fr\/wp-json\/wp\/v2\/types\/post"}],"author":[{"embeddable":true,"href":"https:\/\/www.europesays.com\/fr\/wp-json\/wp\/v2\/users\/2"}],"replies":[{"embeddable":true,"href":"https:\/\/www.europesays.com\/fr\/wp-json\/wp\/v2\/comments?post=611750"}],"version-history":[{"count":0,"href":"https:\/\/www.europesays.com\/fr\/wp-json\/wp\/v2\/posts\/611750\/revisions"}],"wp:featuredmedia":[{"embeddable":true,"href":"https:\/\/www.europesays.com\/fr\/wp-json\/wp\/v2\/media\/611751"}],"wp:attachment":[{"href":"https:\/\/www.europesays.com\/fr\/wp-json\/wp\/v2\/media?parent=611750"}],"wp:term":[{"taxonomy":"category","embeddable":true,"href":"https:\/\/www.europesays.com\/fr\/wp-json\/wp\/v2\/categories?post=611750"},{"taxonomy":"post_tag","embeddable":true,"href":"https:\/\/www.europesays.com\/fr\/wp-json\/wp\/v2\/tags?post=611750"}],"curies":[{"name":"wp","href":"https:\/\/api.w.org\/{rel}","templated":true}]}}