{"id":611758,"date":"2025-12-20T13:04:14","date_gmt":"2025-12-20T13:04:14","guid":{"rendered":"https:\/\/www.europesays.com\/fr\/611758\/"},"modified":"2025-12-20T13:04:14","modified_gmt":"2025-12-20T13:04:14","slug":"paris-une-militante-tondue-en-pleine-rue-pour-denoncer-la-face-cachee-du-cachemire","status":"publish","type":"post","link":"https:\/\/www.europesays.com\/fr\/611758\/","title":{"rendered":"Paris : Une militante \u00ab tondue \u00bb en pleine rue pour d\u00e9noncer la face cach\u00e9e du cachemire"},"content":{"rendered":"<p class=\"mb-4 text-lg md:leading-8 break-words\"><strong>Ras-le-poil &#8211; Ce samedi matin, une militante de PETA d\u00e9guis\u00e9e en ch\u00e8vre a \u00e9t\u00e9 \u00ab tondue \u00bb violemment en plein Paris. Cette mise en sc\u00e8ne de l\u2019ONG qui d\u00e9fend les droits des animaux braque les projecteurs sur la production extr\u00eamement violente du cachemire<\/strong><\/p>\n<p class=\"mb-4 text-lg md:leading-8 break-words\">Savez-vous d\u2019o\u00f9 provient le <a href=\"https:\/\/www.20minutes.fr\/monde\/cachemire\/?at_medium=RSS%20feed&amp;at_campaign=ynews&amp;utm_source=yahoo&amp;utm_medium=rss&amp;utm_campaign=news_feed&amp;utm_content=in_article_link\" rel=\"nofollow noopener\" target=\"_blank\" data-ylk=\"slk:cachemire;elm:context_link;itc:0;sec:content-canvas\" class=\"link \">cachemire<\/a>, et pourquoi est-il si doux ? Contrairement \u00e0 la laine, obtenue par une simple tonte du duvet sup\u00e9rieur de l\u2019animal, la production de cachemire n\u00e9cessite le retrait du sous-poil de la ch\u00e8vre, plus pr\u00e9cis\u00e9ment de la couche interne molletonn\u00e9e de son manteau. \u00ab Le cachemire provient de ch\u00e8vres tortur\u00e9es et n\u2019a rien de doux \u00bb, explique \u00e0 20 Minutes une porte-parole de l\u2019association <a href=\"https:\/\/www.20minutes.fr\/dossier\/peta?at_medium=RSS%20feed&amp;at_campaign=ynews&amp;utm_source=yahoo&amp;utm_medium=rss&amp;utm_campaign=news_feed&amp;utm_content=in_article_link\" rel=\"nofollow noopener\" target=\"_blank\" data-ylk=\"slk:PETA;elm:context_link;itc:0;sec:content-canvas\" class=\"link \">PETA<\/a>.<\/p>\n<p class=\"mb-4 text-lg md:leading-8 break-words\">L\u2019ONG internationale a men\u00e9 deux enqu\u00eates sur cette industrie en Mongolie et en Chine. \u00ab Ces deux pays produisent 90 % du cachemire mondial. \u00bb Sur les images captur\u00e9es, des ouvriers plaquent violemment des animaux terrifi\u00e9s \u00e0 terre, les \u00e9crasent au sol sous leurs jambes, leur tordant les pattes afin de leur arracher les poils avec des peignes m\u00e9talliques ac\u00e9r\u00e9s, leur d\u00e9chirant la peau. Un processus pouvant durer jusqu\u2019\u00e0 une heure par animal.<\/p>\n<p><strong>Des labels \u00ab cachemire durable \u00bb mensongers<\/strong><\/p>\n<p class=\"mb-4 text-lg md:leading-8 break-words\">Suite \u00e0 ces r\u00e9v\u00e9lations en 2019, plusieurs marques avaient tent\u00e9 d\u2019afficher de nouveaux \u00ab labels \u00bb de \u00ab cachemire durable \u00bb ou \u00ab responsable \u00bb. PETA Asie s\u2019est donc rendue au sein d\u2019une de ces exploitations, fournisseur officiel de <a href=\"https:\/\/www.20minutes.fr\/dossier\/louis_vuitton?at_medium=RSS%20feed&amp;at_campaign=ynews&amp;utm_source=yahoo&amp;utm_medium=rss&amp;utm_campaign=news_feed&amp;utm_content=in_article_link\" rel=\"nofollow noopener\" target=\"_blank\" data-ylk=\"slk:Louis Vuitton;elm:context_link;itc:0;sec:content-canvas\" class=\"link \">Louis Vuitton<\/a>, <a href=\"https:\/\/www.20minutes.fr\/dossier\/dior?at_medium=RSS%20feed&amp;at_campaign=ynews&amp;utm_source=yahoo&amp;utm_medium=rss&amp;utm_campaign=news_feed&amp;utm_content=in_article_link\" rel=\"nofollow noopener\" target=\"_blank\" data-ylk=\"slk:Dior;elm:context_link;itc:0;sec:content-canvas\" class=\"link \">Dior<\/a>, Prada, Gucci, Herm\u00e8s, <a href=\"https:\/\/www.20minutes.fr\/dossier\/chanel?at_medium=RSS%20feed&amp;at_campaign=ynews&amp;utm_source=yahoo&amp;utm_medium=rss&amp;utm_campaign=news_feed&amp;utm_content=in_article_link\" rel=\"nofollow noopener\" target=\"_blank\" data-ylk=\"slk:Chanel;elm:context_link;itc:0;sec:content-canvas\" class=\"link \">Chanel<\/a>, Bottega Veneta, Burberry et Naadam. Les images prises sur place sont accablantes : elles r\u00e9v\u00e8lent que quelle que soit sa certification, le cachemire provient de ch\u00e8vres dont les poils sont violemment arrach\u00e9s, avant d\u2019\u00eatre abattues.<\/p>\n<p class=\"mb-4 text-lg md:leading-8 break-words\">En cons\u00e9quence directe de la demande croissante des marques, l\u2019ind(&#8230;)<\/p>\n<p class=\"mb-4 text-lg md:leading-8 break-words\"><a href=\"https:\/\/www.20minutes.fr\/planete\/animaux\/4192225-20251220-paris-militante-tondue-pleine-rue-denoncer-face-cachee-cachemire?at_medium=RSS%20feed&amp;at_campaign=ynews&amp;utm_source=yahoo&amp;utm_medium=rss&amp;utm_campaign=news_feed&amp;utm_content=read_more_link&quot;\" rel=\"nofollow noopener\" target=\"_blank\" data-ylk=\"slk:Lire la suite sur 20minutes;elm:context_link;itc:0;sec:content-canvas\" class=\"link \">Lire la suite sur 20minutes<\/a><\/p>\n<p>\u00c0 lire aussi :<br \/><a href=\"https:\/\/www.20minutes.fr\/societe\/4191655-20251216-joie-douleur-achete-chez-eleveur-vereux-chiot-decede-deux-jours-plus-tard-meningite?at_medium=RSS%20feed&amp;at_campaign=ynews&amp;utm_source=yahoo&amp;utm_medium=rss&amp;utm_campaign=news_feed&amp;utm_content=related_content_link\" rel=\"nofollow noopener\" target=\"_blank\" data-ylk=\"slk:\u00ab De la joie \u00e0 la douleur \u00bb\u2026 Achet\u00e9 chez un \u00e9leveur v\u00e9reux, leur chiot d\u00e9c\u00e8de deux jours plus tard d\u2019une m\u00e9ningite;elm:context_link;itc:0;sec:content-canvas\" class=\"link \">\u00ab De la joie \u00e0 la douleur \u00bb\u2026 Achet\u00e9 chez un \u00e9leveur v\u00e9reux, leur chiot d\u00e9c\u00e8de deux jours plus tard d\u2019une m\u00e9ningite<\/a><br \/><a href=\"https:\/\/www.20minutes.fr\/faits_divers\/4190290-20251208-chateauroux-chasseur-garde-vue-apres-avoir-tue-sanglier-bout-portant-route-tres-frequentee?at_medium=RSS%20feed&amp;at_campaign=ynews&amp;utm_source=yahoo&amp;utm_medium=rss&amp;utm_campaign=news_feed&amp;utm_content=related_content_link\" rel=\"nofollow noopener\" target=\"_blank\" data-ylk=\"slk:Ch\u00e2teauroux : Un chasseur en garde \u00e0 vue apr\u00e8s avoir tu\u00e9 un sanglier \u00e0 bout portant sur une route tr\u00e8s fr\u00e9quent\u00e9e;elm:context_link;itc:0;sec:content-canvas\" class=\"link \">Ch\u00e2teauroux : Un chasseur en garde \u00e0 vue apr\u00e8s avoir tu\u00e9 un sanglier \u00e0 bout portant sur une route tr\u00e8s fr\u00e9quent\u00e9e<\/a><\/p>\n","protected":false},"excerpt":{"rendered":"Ras-le-poil &#8211; Ce samedi matin, une militante de PETA d\u00e9guis\u00e9e en ch\u00e8vre a \u00e9t\u00e9 \u00ab tondue \u00bb violemment&hellip;\n","protected":false},"author":2,"featured_media":611759,"comment_status":"","ping_status":"","sticky":false,"template":"","format":"standard","meta":{"footnotes":""},"categories":[1888],"tags":[1111,1928,11,1927,13201,1777,674,1011,27,72286,12,1926,626,1925,46129,25],"class_list":{"0":"post-611758","1":"post","2":"type-post","3":"status-publish","4":"format-standard","5":"has-post-thumbnail","7":"category-paris","8":"tag-actu","9":"tag-actu-paris","10":"tag-actualites","11":"tag-actualites-paris","12":"tag-cachemire","13":"tag-eu","14":"tag-europe","15":"tag-fr","16":"tag-france","17":"tag-la-chevre","18":"tag-news","19":"tag-news-paris","20":"tag-paris","21":"tag-paris-news","22":"tag-peta","23":"tag-republique-francaise"},"share_on_mastodon":{"url":"https:\/\/pubeurope.com\/@fr\/115752040185802028","error":""},"_links":{"self":[{"href":"https:\/\/www.europesays.com\/fr\/wp-json\/wp\/v2\/posts\/611758","targetHints":{"allow":["GET"]}}],"collection":[{"href":"https:\/\/www.europesays.com\/fr\/wp-json\/wp\/v2\/posts"}],"about":[{"href":"https:\/\/www.europesays.com\/fr\/wp-json\/wp\/v2\/types\/post"}],"author":[{"embeddable":true,"href":"https:\/\/www.europesays.com\/fr\/wp-json\/wp\/v2\/users\/2"}],"replies":[{"embeddable":true,"href":"https:\/\/www.europesays.com\/fr\/wp-json\/wp\/v2\/comments?post=611758"}],"version-history":[{"count":0,"href":"https:\/\/www.europesays.com\/fr\/wp-json\/wp\/v2\/posts\/611758\/revisions"}],"wp:featuredmedia":[{"embeddable":true,"href":"https:\/\/www.europesays.com\/fr\/wp-json\/wp\/v2\/media\/611759"}],"wp:attachment":[{"href":"https:\/\/www.europesays.com\/fr\/wp-json\/wp\/v2\/media?parent=611758"}],"wp:term":[{"taxonomy":"category","embeddable":true,"href":"https:\/\/www.europesays.com\/fr\/wp-json\/wp\/v2\/categories?post=611758"},{"taxonomy":"post_tag","embeddable":true,"href":"https:\/\/www.europesays.com\/fr\/wp-json\/wp\/v2\/tags?post=611758"}],"curies":[{"name":"wp","href":"https:\/\/api.w.org\/{rel}","templated":true}]}}