{"id":611764,"date":"2025-12-20T13:07:24","date_gmt":"2025-12-20T13:07:24","guid":{"rendered":"https:\/\/www.europesays.com\/fr\/611764\/"},"modified":"2025-12-20T13:07:24","modified_gmt":"2025-12-20T13:07:24","slug":"laurent-vinatier-detenu-en-russie-espoir-et-etonnement-de-ses-parents-apres-les-propos-de-vladimir-poutine","status":"publish","type":"post","link":"https:\/\/www.europesays.com\/fr\/611764\/","title":{"rendered":"Laurent Vinatier d\u00e9tenu en Russie\u00a0: \u00ab\u00a0espoir\u00a0\u00bb et \u00ab\u00a0\u00e9tonnement\u00a0\u00bb de ses parents apr\u00e8s les propos de Vladimir Poutine"},"content":{"rendered":"<p class=\"lp-f-subtitle-01\">Le pr\u00e9sident russe a dit vendredi qu\u2019il se renseignerait pour voir si une issue \u00ab\u00a0favorable\u00a0\u00bb est possible, alors que le chercheur fran\u00e7ais, accus\u00e9 d\u2019espionnage, a \u00e9t\u00e9 condamn\u00e9 et emprisonn\u00e9 en Russie.<\/p>\n<p class=\"\">Le sort du Fran\u00e7ais <a href=\"https:\/\/www.leparisien.fr\/international\/vladimir-poutine-affirme-quil-va-se-pencher-sur-laffaire-du-francais-laurent-vinatier-emprisonne-en-russie-depuis-plus-dun-an-19-12-2025-LPRHTSI46VCP5AUS3AUWSFAI7E.php\" target=\"_blank\" rel=\"noreferrer noopener\">Laurent Vinatier<\/a> a \u00e9t\u00e9 \u00e9voqu\u00e9 vendredi lors de <a href=\"https:\/\/www.leparisien.fr\/international\/ukraine\/vladimir-poutine-guerre-en-ukraine-negociations-sort-de-laurent-vinatier-ce-quil-faut-retenir-de-sa-conference-de-presse-annuelle-19-12-2025-KGZJSDNPWJGIJDDFDXM4G3WL54.php\" target=\"_blank\" rel=\"noreferrer noopener\">la conf\u00e9rence de presse annuelle<\/a> du pr\u00e9sident russe, Vladimir Poutine. Interrog\u00e9 par le journaliste de TF1 J\u00e9r\u00f4me Garro sur la situation de ce chercheur de 49 ans, le dirigeant russe a d\u2019abord assur\u00e9 \u00ab ne rien savoir de ce dossier \u00bb. \u00ab C\u2019est la premi\u00e8re fois que j\u2019en entends parler \u00bb. \u00ab Je vais tenter de trouver des informations sur le sujet et de voir s\u2019il y a une chance de le r\u00e9soudre de mani\u00e8re favorable \u00bb, a-t-il ensuite ajout\u00e9.<\/p>\n<p class=\"title-embed-dailymotion lp-color-text lp-f-subtitle-04\">Vid\u00e9oRussie\u00a0: le chercheur fran\u00e7ais Laurent Vinatier incarc\u00e9r\u00e9 \u00e0 Moscou risque jusqu\u2019\u00e0 20\u00a0ans de prison<\/p>\n<p class=\"\">Laurent Vinatier a \u00e9t\u00e9 condamn\u00e9 en octobre 2024 \u00e0 trois ans de prison pour ne pas s\u2019\u00eatre enregistr\u00e9 en tant qu\u2019\u00ab agent de l\u2019\u00e9tranger \u00bb, alors qu\u2019il collectait des \u00ab informations militaires \u00bb pouvant \u00eatre \u00ab utilis\u00e9es contre la s\u00e9curit\u00e9 \u00bb de la Russie. Il a reconnu les faits, mais plaid\u00e9 l\u2019ignorance. En ao\u00fbt 2025, il a par ailleurs comparu devant un tribunal russe pour des accusations d\u2019\u00ab espionnage \u00bb qui, si elles \u00e9taient confirm\u00e9es, risqueraient d\u2019alourdir consid\u00e9rablement sa peine, rappelle l\u2019Agence France presse.<\/p>\n<p class=\"\">Sur <a href=\"https:\/\/www.tf1.fr\/tf1\/jt-20h\/videos\/nous-sommes-etonnes-les-parents-de-laurent-vinatier-reagissent-a-la-reponse-de-poutine-81946256.html\" target=\"_blank\" rel=\"noreferrer noopener\">TF1<\/a>, les parents du prisonnier se sont dits \u00ab \u00e9tonn\u00e9s \u00bb. \u00ab Nous pensions qu\u2019il (Poutine) \u00e9tait au courant de ce qu\u2019il se passe, d\u2019autant que Laurent est le seul prisonnier politique fran\u00e7ais \u00bb. \u00ab Nous avons pris le parti de ne plus esp\u00e9rer na\u00efvement comme c\u2019\u00e9tait le cas dans les premiers mois \u00bb, d\u00e9taille sa m\u00e8re.<\/p>\n<p>Employ\u00e9 d\u2019une ONG suisse<\/p>\n<p class=\"\">Elle a \u00e9galement t\u00e9moign\u00e9 de l\u2019\u00ab espoir \u00bb qui l\u2019habite. \u00ab Nous avons de l\u2019espoir. Nous ne pouvons que lui faire confiance \u00bb, ajoute-t-elle sur <a href=\"https:\/\/www.bfmtv.com\/international\/asie\/russie\/un-espoir-les-parents-de-laurent-vinatier-detenu-en-russie-esperent-que-vladimir-poutine-se-renseignera-tres-vite-sur-le-sort-de-leur-fils_AV-202512190961.html\" target=\"_blank\" rel=\"noreferrer noopener\">BFMTV<\/a> en r\u00e9action aux paroles de Vladimir Poutine. Elle temp\u00e8re toutefois en disant qu\u2019il ne s\u2019agit \u00ab pas d\u2019une esp\u00e9rance qui se l\u00e8ve d\u2019un coup \u00bb.<\/p>\n<p class=\"\">Sp\u00e9cialiste de l\u2019espace post-sovi\u00e9tique, Laurent Vinatier \u00e9tait employ\u00e9 par le Centre pour le dialogue humanitaire, une organisation non gouvernementale (ONG) suisse qui fait de la m\u00e9diation dans des conflits hors des circuits diplomatiques officiels, notamment s\u2019agissant de <a href=\"https:\/\/www.leparisien.fr\/international\/ukraine\/\" target=\"_blank\" rel=\"noreferrer noopener\">l\u2019Ukraine<\/a>. Paris a exig\u00e9 de Moscou la lib\u00e9ration de son ressortissant, accusant la Russie de chercher \u00e0 prendre des Occidentaux en otage, alors que les relations entre les deux pays sont au plus bas.<\/p>\n","protected":false},"excerpt":{"rendered":"Le pr\u00e9sident russe a dit vendredi qu\u2019il se renseignerait pour voir si une issue \u00ab\u00a0favorable\u00a0\u00bb est possible, alors&hellip;\n","protected":false},"author":2,"featured_media":22806,"comment_status":"","ping_status":"","sticky":false,"template":"","format":"standard","meta":{"footnotes":""},"categories":[1591],"tags":[11,1887,14,12,1885,1886,132],"class_list":{"0":"post-611764","1":"post","2":"type-post","3":"status-publish","4":"format-standard","5":"has-post-thumbnail","7":"category-russie","8":"tag-actualites","9":"tag-federation-de-russie","10":"tag-international","11":"tag-news","12":"tag-russia","13":"tag-russian-federation","14":"tag-russie"},"share_on_mastodon":{"url":"https:\/\/pubeurope.com\/@fr\/115752052004962882","error":""},"_links":{"self":[{"href":"https:\/\/www.europesays.com\/fr\/wp-json\/wp\/v2\/posts\/611764","targetHints":{"allow":["GET"]}}],"collection":[{"href":"https:\/\/www.europesays.com\/fr\/wp-json\/wp\/v2\/posts"}],"about":[{"href":"https:\/\/www.europesays.com\/fr\/wp-json\/wp\/v2\/types\/post"}],"author":[{"embeddable":true,"href":"https:\/\/www.europesays.com\/fr\/wp-json\/wp\/v2\/users\/2"}],"replies":[{"embeddable":true,"href":"https:\/\/www.europesays.com\/fr\/wp-json\/wp\/v2\/comments?post=611764"}],"version-history":[{"count":0,"href":"https:\/\/www.europesays.com\/fr\/wp-json\/wp\/v2\/posts\/611764\/revisions"}],"wp:featuredmedia":[{"embeddable":true,"href":"https:\/\/www.europesays.com\/fr\/wp-json\/wp\/v2\/media\/22806"}],"wp:attachment":[{"href":"https:\/\/www.europesays.com\/fr\/wp-json\/wp\/v2\/media?parent=611764"}],"wp:term":[{"taxonomy":"category","embeddable":true,"href":"https:\/\/www.europesays.com\/fr\/wp-json\/wp\/v2\/categories?post=611764"},{"taxonomy":"post_tag","embeddable":true,"href":"https:\/\/www.europesays.com\/fr\/wp-json\/wp\/v2\/tags?post=611764"}],"curies":[{"name":"wp","href":"https:\/\/api.w.org\/{rel}","templated":true}]}}