{"id":611765,"date":"2025-12-20T13:08:19","date_gmt":"2025-12-20T13:08:19","guid":{"rendered":"https:\/\/www.europesays.com\/fr\/611765\/"},"modified":"2025-12-20T13:08:19","modified_gmt":"2025-12-20T13:08:19","slug":"que-peut-on-attendre-des-rencontres-de-miami","status":"publish","type":"post","link":"https:\/\/www.europesays.com\/fr\/611765\/","title":{"rendered":"que peut-on attendre des rencontres de Miami\u00a0?"},"content":{"rendered":"<p>      <img fetchpriority=\"high\" decoding=\"async\" class=\"mx-auto\" src=\"data:image\/svg+xml,%3Csvg%20xmlns%3D%27http%3A%2F%2Fwww.w3.org%2F2000%2Fsvg%27%20fill%3D%22%23e4e4e4%22%20viewBox%3D%270%200%20510%20340%27%20width%3D%22510%22%20height%3D%22340%22%3E%3Cpath%20d%3D%27M0%200h510v340H0z%27%2F%3E%3C%2Fsvg%3E\"  loading=\"eager\" width=\"510\" height=\"340\" data-oncrawl-image-size=\"510x340\" alt=\"Le gendre de Donald Trump, Jared Kushner, et l\u2019\u00e9missaire sp\u00e9cial de Donald Trump, l\u2019investisseur immobilier Steve Witkoff, le 15\u00a0d\u00e9cembre en Allemagne.\"\/>      <\/p>\n<p class=\"latino-100m text-grey-600\">\n            Le gendre de Donald Trump, Jared Kushner, et l\u2019\u00e9missaire sp\u00e9cial de Donald Trump, l\u2019investisseur immobilier Steve Witkoff, le 15\u00a0d\u00e9cembre en Allemagne.\u00a0NEWS AGENCY GERMANY\/SHUTTERSTOCK\/SIPA \/ NEWS AGENCY GERMANY\/\/SIPA        <\/p>\n<p>        Lire\u00a0plus\u00a0tard      <\/p>\n<p><a aria-label=\"Nous suivre sur Google News\" href=\"https:\/\/news.google.com\/publications\/CAAqBwgKMJe4nQkw3dFs?hl=fr&amp;gl=FR&amp;ceid=FR%3Afr\" target=\"_blank\" data-piano=\"Page_Article,Sous_date_publi,Nous_suivre_sur_google_news,1er_clic,action\" class=\"btn btn--small btn--tertiary btn--icon-only\" rel=\"noopener\"><\/p>\n<p>      Google Actualit\u00e9s<br \/>\n  <\/a><\/p>\n<p>  Partager<\/p>\n<p>        Facebook<\/p>\n<p>        Bluesky<\/p>\n<p>        E-mail<\/p>\n<p>        Copier le lien<\/p>\n<p>      Envoyer<\/p>\n<p>      S\u2019abonner    <\/p>\n<p class=\"node__paragraphe antonia-750r text-grey-800 pb-24 pb-md-32\">\nLes pourparlers pour tenter de mettre fin \u00e0 la guerre en Ukraine se poursuivent ce samedi 20\u00a0d\u00e9cembre \u00e0 Miami, o\u00f9 se trouvent des n\u00e9gociateurs ukrainiens, europ\u00e9ens et am\u00e9ricains bient\u00f4t rejoints par une d\u00e9l\u00e9gation russe, sans toutefois que soit pr\u00e9vue une table ronde rassemblant toutes ces parties. Que faut-il en attendre\u00a0? \u00ab\u00a0Le Nouvel Obs\u00a0\u00bb fait le point sur la situation.<\/p>\n<p>L\u2019\u00e9missaire russe en route pour Miami<\/p>\n<p class=\"node__paragraphe antonia-750r text-grey-800 pb-24 pb-md-32\">\nL\u2019\u00e9missaire russe Kirill Dmitriev a annonc\u00e9 ce samedi \u00eatre en route pour la Floride o\u00f9 des \u00e9quipes ukrainienne et europ\u00e9enne se trouvent d\u00e9j\u00e0 pour participer aux n\u00e9gociations men\u00e9es par Steve Witkoff, l\u2019envoy\u00e9 sp\u00e9cial de Donald Trump, et Jared Kushner, le gendre du pr\u00e9sident am\u00e9ricain.<\/p>\n<p class=\"node__paragraphe antonia-750r text-grey-800 pb-24 pb-md-32\">\n\u00ab\u00a0En route pour Miami\u00a0\u00bb, a \u00e9crit Kirill Dmitriev dans un message sur le r\u00e9seau social X, ajoutant un emoji de colombe de la paix et en joignant une courte vid\u00e9o montrant le soleil du matin per\u00e7ant les nuages au-dessus d\u2019une plage bord\u00e9e de palmiers.<\/p>\n<p class=\"node__paragraphe antonia-750r text-grey-800 pb-24 pb-md-32\">\n\u00ab\u00a0Alors que les bellicistes continuent de travailler d\u2019arrache-pied pour saper le plan de paix am\u00e9ricain pour l\u2019Ukraine, je me suis souvenu de cette vid\u00e9o de ma pr\u00e9c\u00e9dente visite\u00a0: la lumi\u00e8re per\u00e7ant les nuages d\u2019orage\u00a0\u00bb, a ajout\u00e9 Kirill Dmitriev.<\/p>\n<p class=\"node__paragraphe antonia-750r text-grey-800 pb-24 pb-md-32\">\nSteve Witkoff et Jared Kushner ont rencontr\u00e9 vendredi pr\u00e8s de Miami le n\u00e9gociateur ukrainien Roustem Oumerov et des repr\u00e9sentants de la France, du Royaume-Uni et de l\u2019Allemagne.<\/p>\n<p>\u00ab\u00a0Progr\u00e8s\u00a0\u00bb c\u00f4t\u00e9 ukrainien\u00a0? <\/p>\n<p class=\"node__paragraphe antonia-750r text-grey-800 pb-24 pb-md-32\">\nA l\u2019issue de ces discussions, Roustem Oumerov a simplement assur\u00e9 que sa d\u00e9l\u00e9gation s\u2019\u00e9tait mise d\u2019accord avec les Am\u00e9ricains \u00ab\u00a0pour poursuivre le travail en commun dans un avenir proche\u00a0\u00bb.<\/p>\n<p class=\"node__paragraphe antonia-750r text-grey-800 pb-24 pb-md-32\">\nDe son c\u00f4t\u00e9, le pr\u00e9sident ukrainien Volodymyr Zelensky a fait part des \u00ab\u00a0progr\u00e8s\u00a0\u00bb vers un compromis entre Kiev et Washington sur le contenu d\u2019un plan \u00e0 proposer \u00e0 Moscou pour mettre fin aux combats. Mais, a-t-il averti, la Russie se pr\u00e9pare selon lui \u00e0 une nouvelle \u00ab\u00a0ann\u00e9e de guerre\u00a0\u00bb en 2026.<\/p>\n<p class=\"node__paragraphe antonia-750r text-grey-800 pb-24 pb-md-32\">\nLes d\u00e9tails de la nouvelle mouture ne sont pas connus mais, selon le pr\u00e9sident ukrainien, elle implique des concessions territoriales de la part de l\u2019Ukraine en \u00e9change de garanties de s\u00e9curit\u00e9 occidentales.<\/p>\n<p class=\"node__paragraphe antonia-750r text-grey-800 pb-24 pb-md-32\">\nVendredi, alors que cette nouvelle s\u00e9rie de discussions venait de d\u00e9buter, le chef de la diplomatie am\u00e9ricaine Marco Rubio a assur\u00e9 qu\u2019aucun accord ne serait impos\u00e9 \u00e0 l\u2019Ukraine.<\/p>\n<p class=\"node__paragraphe antonia-750r text-grey-800 pb-24 pb-md-32\">\n\u00ab\u00a0C\u2019est \u00e0 eux de conclure un accord. Nous ne pouvons pas forcer l\u2019Ukraine \u00e0 conclure un accord. Nous ne pouvons pas forcer la Russie \u00e0 conclure un accord. Il faut qu\u2019ils (le) veuillent\u00a0\u00bb, a affirm\u00e9 lors d\u2019une conf\u00e9rence de presse \u00e0 Washington le chef de la diplomatie am\u00e9ricaine.<\/p>\n<p class=\"node__paragraphe antonia-750r text-grey-800 pb-24 pb-md-32\">\nDe plus en plus impatient, Donald Trump a toutefois press\u00e9 Kiev de \u00ab\u00a0bouger rapidement\u00a0\u00bb, lors d\u2019un \u00e9change avec la presse dans le Bureau ovale.<\/p>\n<p>Les Europ\u00e9ens invit\u00e9s \u00e0 participer<\/p>\n<p class=\"node__paragraphe antonia-750r text-grey-800 pb-24 pb-md-32\">\nL\u2019inclusion directe des Europ\u00e9ens constitue une nouveaut\u00e9 par rapport aux pr\u00e9c\u00e9dentes r\u00e9unions qui ont eu lieu ces derni\u00e8res semaines entre Ukrainiens et Am\u00e9ricains \u00e0 Gen\u00e8ve, Miami et Berlin.<\/p>\n<p class=\"node__paragraphe antonia-750r text-grey-800 pb-24 pb-md-32\">\nLes pourparlers diplomatiques destin\u00e9s \u00e0 mettre fin au conflit, qui entrerait en f\u00e9vrier dans sa cinqui\u00e8me ann\u00e9e, se sont acc\u00e9l\u00e9r\u00e9s ces derni\u00e8res semaines apr\u00e8s la publication d\u2019un plan de l\u2019administration Trump, sans aboutir \u00e0 un cessez-le-feu.<\/p>\n<p class=\"node__paragraphe antonia-750r text-grey-800 pb-24 pb-md-32\">\nLes Etats-Unis ont en effet propos\u00e9, il y a plus d\u2019un mois, un plan pour mettre fin \u00e0 la guerre en Ukraine d\u00e9clench\u00e9e par la Russie en f\u00e9vrier 2022. Ce texte initial, per\u00e7u comme \u00e9tant largement favorable au Kremlin, a depuis \u00e9t\u00e9 remani\u00e9 apr\u00e8s les consultations avec Kiev.<\/p>\n<p>Quelle est la situation sur le terrain\u00a0?<\/p>\n<p class=\"node__paragraphe antonia-750r text-grey-800 pb-24 pb-md-32\">\nEn Ukraine, la Russie continue de viser les infrastructures de son voisin\u00a0: vendredi soir, un missile balistique a fait sept morts et quinze bless\u00e9s pr\u00e8s d\u2019Odessa, a annonc\u00e9 le gouverneur local Oleg Kiper. Moscou a \u00e9galement affirm\u00e9 samedi avoir pris deux villages dans les r\u00e9gions de Soumy (nord) et Donetsk (est).<\/p>\n<p class=\"node__paragraphe antonia-750r text-grey-800 pb-24 pb-md-32\">\nDe son c\u00f4t\u00e9, Kiev a annonc\u00e9 samedi avoir d\u00e9truit deux avions de combat russes sur un a\u00e9rodrome situ\u00e9 dans la p\u00e9ninsule de Crim\u00e9e occup\u00e9e, selon les services de s\u00e9curit\u00e9 SBU.<\/p>\n<p class=\"node__paragraphe antonia-750r text-grey-800 pb-24 pb-md-32\">\nVendredi, le pr\u00e9sident russe Vladimir Poutine a affirm\u00e9 que \u00ab\u00a0la balle\u00a0\u00bb \u00e9tait \u00ab\u00a0dans le camp\u00a0\u00bb de Kiev et de ses alli\u00e9s europ\u00e9ens, la Russie ayant d\u00e9j\u00e0 accept\u00e9 des \u00ab\u00a0compromis\u00a0\u00bb au cours de ses propres pourparlers avec les Am\u00e9ricains.<\/p>\n<p class=\"node__paragraphe antonia-750r text-grey-800 pb-24 pb-md-32\">\nIl s\u2019est f\u00e9licit\u00e9 des gains territoriaux obtenus dans l\u2019est de l\u2019Ukraine par les forces russes, assurant que celles-ci \u00ab\u00a0avancent sur toute la ligne de contact\u00a0\u00bb.<\/p>\n<p class=\"node__paragraphe antonia-750r text-grey-800 pb-24 pb-md-32\">\nLes troupes russes ont acc\u00e9l\u00e9r\u00e9 cette ann\u00e9e leurs conqu\u00eates sur le front en Ukraine, dont elles contr\u00f4lent environ 19% du territoire.<\/p>\n<p class=\"authors latino-600m text-grey-800\">\n<p>  Par\u00a0<br \/>\nLe Nouvel Obs avec AFP<\/p>\n","protected":false},"excerpt":{"rendered":"Le gendre de Donald Trump, Jared Kushner, et l\u2019\u00e9missaire sp\u00e9cial de Donald Trump, l\u2019investisseur immobilier Steve Witkoff, le&hellip;\n","protected":false},"author":2,"featured_media":611766,"comment_status":"","ping_status":"","sticky":false,"template":"","format":"standard","meta":{"footnotes":""},"categories":[1590],"tags":[17,11,11351,1777,674,131,14056,74,12,20354,10270,220],"class_list":{"0":"post-611765","1":"post","2":"type-post","3":"status-publish","4":"format-standard","5":"has-post-thumbnail","7":"category-ukraine","8":"tag-17","9":"tag-actualites","10":"tag-attendre","11":"tag-eu","12":"tag-europe","13":"tag-guerre-en-ukraine","14":"tag-miami","15":"tag-monde","16":"tag-news","17":"tag-pourparlers","18":"tag-rencontres","19":"tag-ukraine"},"share_on_mastodon":{"url":"https:\/\/pubeurope.com\/@fr\/115752055926916826","error":""},"_links":{"self":[{"href":"https:\/\/www.europesays.com\/fr\/wp-json\/wp\/v2\/posts\/611765","targetHints":{"allow":["GET"]}}],"collection":[{"href":"https:\/\/www.europesays.com\/fr\/wp-json\/wp\/v2\/posts"}],"about":[{"href":"https:\/\/www.europesays.com\/fr\/wp-json\/wp\/v2\/types\/post"}],"author":[{"embeddable":true,"href":"https:\/\/www.europesays.com\/fr\/wp-json\/wp\/v2\/users\/2"}],"replies":[{"embeddable":true,"href":"https:\/\/www.europesays.com\/fr\/wp-json\/wp\/v2\/comments?post=611765"}],"version-history":[{"count":0,"href":"https:\/\/www.europesays.com\/fr\/wp-json\/wp\/v2\/posts\/611765\/revisions"}],"wp:featuredmedia":[{"embeddable":true,"href":"https:\/\/www.europesays.com\/fr\/wp-json\/wp\/v2\/media\/611766"}],"wp:attachment":[{"href":"https:\/\/www.europesays.com\/fr\/wp-json\/wp\/v2\/media?parent=611765"}],"wp:term":[{"taxonomy":"category","embeddable":true,"href":"https:\/\/www.europesays.com\/fr\/wp-json\/wp\/v2\/categories?post=611765"},{"taxonomy":"post_tag","embeddable":true,"href":"https:\/\/www.europesays.com\/fr\/wp-json\/wp\/v2\/tags?post=611765"}],"curies":[{"name":"wp","href":"https:\/\/api.w.org\/{rel}","templated":true}]}}