{"id":61177,"date":"2025-04-29T06:55:09","date_gmt":"2025-04-29T06:55:09","guid":{"rendered":"https:\/\/www.europesays.com\/fr\/61177\/"},"modified":"2025-04-29T06:55:09","modified_gmt":"2025-04-29T06:55:09","slug":"un-club-contraint-de-baisser-les-bras-face-au-silence-de-la-ffr","status":"publish","type":"post","link":"https:\/\/www.europesays.com\/fr\/61177\/","title":{"rendered":"un club contraint de baisser les bras face au silence de la FFR"},"content":{"rendered":"<p>            Par<br \/>\n        <strong><br \/>\n            <a href=\"https:\/\/actu.fr\/auteur\/thomas-corbet-actu-fr\" title=\"Consulter tous les articles de Thomas Corbet\" target=\"_blank\" rel=\"noopener\">Thomas Corbet<\/a><br \/>\n        <\/strong><\/p>\n<p>        Publi\u00e9 le<\/p>\n<p>            28 avr. 2025 \u00e0 17h08        <\/p>\n<p>Alors qu\u2019il avait termin\u00e9 premier au classement national du championnat de <strong>F\u00e9d\u00e9rale 1<\/strong>, le club de <strong>Chartres<\/strong> avait \u00e9t\u00e9 <a href=\"https:\/\/actu.fr\/centre-val-de-loire\/chartres_28085\/federale-1-tout-ca-est-invraisemblable-de-1er-de-poule-a-la-relegation-la-situation-ubuesque-de-chartres_62526716.html\" target=\"_blank\" rel=\"noopener\">sanctionn\u00e9 et rel\u00e9gu\u00e9 administrativement<\/a> puis avait d\u00e9cid\u00e9, comme son pr\u00e9sident l\u2019avait expliqu\u00e9 \u00e0 Actu Rugby, de proc\u00e9der \u00e0 un recours. Face au <strong>silence de la FFR<\/strong> et alors que les <a href=\"https:\/\/actu.fr\/sports\/rugby\/amateurs\/rugby-federale-1-les-resultats-des-barrages-les-affiches-des-8es-et-le-programme-de-la-phase-finale_62553753.html\" target=\"_blank\" rel=\"noopener\">barrages de F\u00e9d\u00e9rale<\/a> 1 ont d\u00e9j\u00e0 eu lieu, les Chartrains ont fini par se r\u00e9signer.\u00a0<\/p>\n<p>F\u00e9d\u00e9rale 1 : la FFR inflexible, Chartres baisse les bras<\/p>\n<p class=\" wall-content\">La FFR n\u2019aura rien voulu entendre apr\u00e8s avoir sanctionn\u00e9 Chartres pour une situation financi\u00e8re non seulement r\u00e9tablie depuis mais que l\u2019instance dirigeante avait elle-m\u00eame engendr\u00e9 en changeant ses r\u00e8glements en cours de comp\u00e9tition il y a deux ans.<\/p>\n<p class=\" wall-content\">Premier de F\u00e9d\u00e9rale 1 cette saison et avec un objectif clair d\u2019atteindre la Nationale 2, le club de l\u2019Eure-et-Loir s\u2019est ainsi vu sanctionn\u00e9 d\u2019une rel\u00e9gation et aura bien tent\u00e9 de plaider sa cause. Il s\u2019est malheureusement heurt\u00e9 au mutisme de la f\u00e9d\u00e9ration.<\/p>\n<p class=\" wall-content\">\u00ab\u00a0Apr\u00e8s avoir tent\u00e9 jour et nuit d\u2019obtenir une convocation d\u2019un bureau exceptionnel de la FFR, cette derni\u00e8re, et pour la seconde fois, n\u2019a pas souhait\u00e9 nous \u00e9couter sur un sujet aussi essentiel que l\u2019int\u00e9r\u00eat sup\u00e9rieur du rugby, les cons\u00e9quences directes sur un club des modifications invraisemblables port\u00e9es tout au long d\u2019une saison au r\u00e8glement d\u2019une comp\u00e9tition mais aussi l\u2019application brutale d\u2019une sanction d\u00e9cid\u00e9e d\u00e9but novembre, sans recours possible, notifi\u00e9e fin janvier \u00e0 notre seul club et pas au reste des comp\u00e9titeurs\u00a0\u00bb, communique le club.<\/p>\n<p>Chartres rel\u00e9gu\u00e9 en F\u00e9d\u00e9rale 2<\/p>\n<p class=\" wall-content\">Ainsi, et alors qu\u2019il jouait les premiers r\u00f4les en F\u00e9d\u00e9rale 1 depuis plusieurs saisons, le club de Chartres va devoir red\u00e9marrer un cran plus bas l\u2019an prochain. Ce qu\u2019il prend avec r\u00e9signation, fair play, et la volont\u00e9 de voir les choses changer.<\/p>\n<p class=\" wall-content\">\u00ab\u00a0Nous prenons acte et demandons au passage \u00e0 notre f\u00e9d\u00e9ration d\u2019\u00e9voluer dans sa gouvernance vers une totale transparence des d\u00e9cisions ainsi que des facult\u00e9s de recours avant diffusion imm\u00e9diate des sanctions\u00a0\u00bb, poursuit le communiqu\u00e9.<\/p>\n<p>Vid\u00e9os : en ce moment sur Actu<\/p>\n<p class=\" wall-content\">\u00ab\u00a0Nous souhaitons bonne chance \u00e0 tous les adversaires que nous avons eu la chance d\u2019affronter et qui auront derri\u00e8re eux toute l\u2019\u00e9nergie des clubs qui les encouragent. Nous remercions tous nos partenaires priv\u00e9s, les collectivit\u00e9s et tous ceux qui continuent de soutenir le C\u2019Chartres Rugby dans son projet construit autour de la formation et de l\u2019apprentissage du meilleur niveau possible. De notre c\u00f4t\u00e9, nous allons nous retrouver pour soigner nos blessures. Et parce que nous sommes depuis 1897 une terre de rugby nous allons nous remettre au travail, forts des exp\u00e9riences accumul\u00e9es, de la force de nos b\u00e9n\u00e9voles et de l\u2019\u00e9nergie de ce club\u00a0\u00bb, conclut-il.<\/p>\n<p class=\" wall-content\">Suivez toute l\u2019actualit\u00e9 de vos villes et m\u00e9dias favoris en vous inscrivant \u00e0 <a href=\"https:\/\/moncompte.actu.fr\" title=\"D\u00e9couvez Mon Actu\" rel=\"nofollow noopener\" data-trk=\"{&quot;cta&quot;:{&quot;action&quot;:&quot;https:\\\/\\\/moncompte.actu.fr&quot;,&quot;category&quot;:&quot;mon compte&quot;,&quot;from&quot;:&quot;article footer&quot;,&quot;name&quot;:&quot;Mon actu&quot;,&quot;type&quot;:&quot;cta&quot;}}\" target=\"_blank\">Mon Actu<\/a>.<\/p>\n","protected":false},"excerpt":{"rendered":"Par Thomas Corbet Publi\u00e9 le 28 avr. 2025 \u00e0 17h08 Alors qu\u2019il avait termin\u00e9 premier au classement national&hellip;\n","protected":false},"author":2,"featured_media":61178,"comment_status":"","ping_status":"","sticky":false,"template":"","format":"standard","meta":{"footnotes":""},"categories":[1416],"tags":[5592,4127,1011,27,479,4126,1468,60],"class_list":{"0":"post-61177","1":"post","2":"type-post","3":"status-publish","4":"format-standard","5":"has-post-thumbnail","7":"category-rugby","8":"tag-amateurs","9":"tag-federale","10":"tag-fr","11":"tag-france","12":"tag-rugby","13":"tag-rugby-amateur","14":"tag-rugby-football","15":"tag-sports"},"share_on_mastodon":{"url":"https:\/\/pubeurope.com\/@fr\/114419946195033471","error":""},"_links":{"self":[{"href":"https:\/\/www.europesays.com\/fr\/wp-json\/wp\/v2\/posts\/61177","targetHints":{"allow":["GET"]}}],"collection":[{"href":"https:\/\/www.europesays.com\/fr\/wp-json\/wp\/v2\/posts"}],"about":[{"href":"https:\/\/www.europesays.com\/fr\/wp-json\/wp\/v2\/types\/post"}],"author":[{"embeddable":true,"href":"https:\/\/www.europesays.com\/fr\/wp-json\/wp\/v2\/users\/2"}],"replies":[{"embeddable":true,"href":"https:\/\/www.europesays.com\/fr\/wp-json\/wp\/v2\/comments?post=61177"}],"version-history":[{"count":0,"href":"https:\/\/www.europesays.com\/fr\/wp-json\/wp\/v2\/posts\/61177\/revisions"}],"wp:featuredmedia":[{"embeddable":true,"href":"https:\/\/www.europesays.com\/fr\/wp-json\/wp\/v2\/media\/61178"}],"wp:attachment":[{"href":"https:\/\/www.europesays.com\/fr\/wp-json\/wp\/v2\/media?parent=61177"}],"wp:term":[{"taxonomy":"category","embeddable":true,"href":"https:\/\/www.europesays.com\/fr\/wp-json\/wp\/v2\/categories?post=61177"},{"taxonomy":"post_tag","embeddable":true,"href":"https:\/\/www.europesays.com\/fr\/wp-json\/wp\/v2\/tags?post=61177"}],"curies":[{"name":"wp","href":"https:\/\/api.w.org\/{rel}","templated":true}]}}