{"id":611780,"date":"2025-12-20T13:17:39","date_gmt":"2025-12-20T13:17:39","guid":{"rendered":"https:\/\/www.europesays.com\/fr\/611780\/"},"modified":"2025-12-20T13:17:39","modified_gmt":"2025-12-20T13:17:39","slug":"polluants-eternels-des-vetements-aussi-concernes-par-des-rappels-partout-en-france","status":"publish","type":"post","link":"https:\/\/www.europesays.com\/fr\/611780\/","title":{"rendered":"Polluants \u00e9ternels : des v\u00eatements aussi concern\u00e9s par des rappels partout en France"},"content":{"rendered":"<p>Les polluants \u00e9ternels touchent aussi les v\u00eatements ! Des manteaux pour enfants commercialis\u00e9s dans les enseignes Kiabi et Okaidi sont, depuis le vendredi 19 d\u00e9cembre, rappel\u00e9s partout en France en raison de la <a href=\"https:\/\/www.capital.fr\/conso\/pfas-pesticides-nitrates-votre-eau-du-robinet-est-elle-fortement-polluee-decouvrez-la-carte-interactive-1519745\" target=\"_blank\" rel=\"noopener\">pr\u00e9sence de PFAS<\/a> en quantit\u00e9 trop importante. Ces <strong>polluants \u00e9ternels ont \u00e9t\u00e9 d\u00e9tect\u00e9s dans des proportions sup\u00e9rieures aux \u00ab<\/strong><strong>seuils r\u00e9glementaires<\/strong><strong>\u00bb<\/strong>, pr\u00e9sentent les fiches de rappel publi\u00e9es sur <a href=\"https:\/\/www.capital.fr\/conso\/carrefour-intermarche-un-tzatziki-blini-rappele-pour-presence-de-salmonelles-1521915\" target=\"_blank\" rel=\"noopener\">Rappel Conso<\/a>.<\/p>\n<p>Pour \u00e9viter tout \u00abrisque chimique\u00bb li\u00e9 donc au <strong>contact avec la peau (cutan\u00e9)<\/strong>, ces deux types de v\u00eatements de pluie vont \u00eatre rappel\u00e9s avec, pour fin de proc\u00e9dure, les dates de mars 2026. Pour rappel, l\u2019exposition prolong\u00e9e \u00e0 aux polluants \u00e9ternels peut repr\u00e9senter un risque sanitaire de plus en plus document\u00e9, comme des perturbations hormonales, des troubles de la fertilit\u00e9 ou encore l\u2019augmentation du risque de certains cancers.<\/p>\n<p>Cir\u00e9 d\u00e9perlant et coupe vent \u00e0 capuche<\/p>\n<p>Le produit vis\u00e9 par ce rappel appartenant \u00e0 l\u2019<a href=\"https:\/\/rappel.conso.gouv.fr\/fiche-rappel\/20691\/Interne\" target=\"_blank\" rel=\"noopener\">enseigne Kiabi<\/a> est le DJP97 coupe vent \u00e0 capuche m\u00e9tallis\u00e9 enfant. Il est commercialis\u00e9 avec le code GTIN suivant : <strong>3616039212153<\/strong>. Il a \u00e9t\u00e9 commercialis\u00e9 du <strong>19\/06\/2025 au 27\/10\/2025. Un remboursement est possible<\/strong> pour les consommateurs l\u2019ayant achet\u00e9.<\/p>\n<p>Le produit vis\u00e9 par le rappel appartenant \u00e0 l\u2019<a href=\"https:\/\/rappel.conso.gouv.fr\/fiche-rappel\/20834\/Interne\" target=\"_blank\" rel=\"noopener\">enseigne Okaidi<\/a> est le ciret d\u00e9perlant enfant. Selon le mod\u00e8les et les coloris, ce cir\u00e9 est commercialis\u00e9 avec les code GTIN suivants \u2009: <strong>3604274071\u2009<\/strong>; num\u00e9ros de lot 42079801, 42964601, 43067703, 42079901 et 43179901 et <strong>3604273712\u2009<\/strong>; num\u00e9ros de lot 42079101, 42079102, 43067701 et 43067702. Il a \u00e9t\u00e9 commercialis\u00e9 du <strong>03\/02\/2025 au 27\/10\/2025. Un remboursement est tout autant possible<\/strong> pour les consommateurs l\u2019ayant achet\u00e9.<\/p>\n","protected":false},"excerpt":{"rendered":"Les polluants \u00e9ternels touchent aussi les v\u00eatements ! Des manteaux pour enfants commercialis\u00e9s dans les enseignes Kiabi et&hellip;\n","protected":false},"author":2,"featured_media":611781,"comment_status":"","ping_status":"","sticky":false,"template":"","format":"standard","meta":{"footnotes":""},"categories":[4],"tags":[11,1011,27,30404,12,1800,25,72288,2422,72287],"class_list":{"0":"post-611780","1":"post","2":"type-post","3":"status-publish","4":"format-standard","5":"has-post-thumbnail","7":"category-france","8":"tag-actualites","9":"tag-fr","10":"tag-france","11":"tag-kiabi","12":"tag-news","13":"tag-pollution","14":"tag-republique-francaise","15":"tag-ru00e9glementation","16":"tag-textile","17":"tag-vu00eatement"},"share_on_mastodon":{"url":"https:\/\/pubeurope.com\/@fr\/115752091212805987","error":""},"_links":{"self":[{"href":"https:\/\/www.europesays.com\/fr\/wp-json\/wp\/v2\/posts\/611780","targetHints":{"allow":["GET"]}}],"collection":[{"href":"https:\/\/www.europesays.com\/fr\/wp-json\/wp\/v2\/posts"}],"about":[{"href":"https:\/\/www.europesays.com\/fr\/wp-json\/wp\/v2\/types\/post"}],"author":[{"embeddable":true,"href":"https:\/\/www.europesays.com\/fr\/wp-json\/wp\/v2\/users\/2"}],"replies":[{"embeddable":true,"href":"https:\/\/www.europesays.com\/fr\/wp-json\/wp\/v2\/comments?post=611780"}],"version-history":[{"count":0,"href":"https:\/\/www.europesays.com\/fr\/wp-json\/wp\/v2\/posts\/611780\/revisions"}],"wp:featuredmedia":[{"embeddable":true,"href":"https:\/\/www.europesays.com\/fr\/wp-json\/wp\/v2\/media\/611781"}],"wp:attachment":[{"href":"https:\/\/www.europesays.com\/fr\/wp-json\/wp\/v2\/media?parent=611780"}],"wp:term":[{"taxonomy":"category","embeddable":true,"href":"https:\/\/www.europesays.com\/fr\/wp-json\/wp\/v2\/categories?post=611780"},{"taxonomy":"post_tag","embeddable":true,"href":"https:\/\/www.europesays.com\/fr\/wp-json\/wp\/v2\/tags?post=611780"}],"curies":[{"name":"wp","href":"https:\/\/api.w.org\/{rel}","templated":true}]}}