{"id":611786,"date":"2025-12-20T13:28:19","date_gmt":"2025-12-20T13:28:19","guid":{"rendered":"https:\/\/www.europesays.com\/fr\/611786\/"},"modified":"2025-12-20T13:28:19","modified_gmt":"2025-12-20T13:28:19","slug":"groupama-fdj-madouas-une-saison-compliquee-au-niveau-des-resultats-sports","status":"publish","type":"post","link":"https:\/\/www.europesays.com\/fr\/611786\/","title":{"rendered":"Groupama-FDJ &#8211; Madouas : \u00ab Une saison compliqu\u00e9e au niveau des r\u00e9sultats \u00bb : Sports"},"content":{"rendered":"<p class=\"date\">\n                                                            Marie Mah\u00e9, Media365 : publi\u00e9 le samedi 20 d\u00e9cembre 2025 \u00e0 12h00\n                                                    <\/p>\n<p>Aupr\u00e8s de Cyclism&rsquo;actu, Valentin Madouas s&rsquo;est notamment confi\u00e9 sur sa saison 2025. Une ann\u00e9e loin d&rsquo;\u00eatre de tout repos pour le coureur de chez Groupama-FDJ.<\/p>\n<p>Il est encore temps de faire son bilan de la saison 2025. Ce vendredi, <a href=\"https:\/\/sports.orange.fr\/cyclisme\/article\/tour-des-pays-bas-e2-laporte-3e-du-chrono-CNT000002lfkSa.html\" target=\"_blank\" rel=\"noopener\">Valentin Madouas<\/a> s&rsquo;est attel\u00e9 \u00e0 cette t\u00e2che, aupr\u00e8s du site internet sp\u00e9cialis\u00e9 Cyclism&rsquo;actu. Actuellement en stage hivernal avec son \u00e9quipe, la Groupama-FDJ, le Fran\u00e7ais a bien l&rsquo;intention de rebondir au sein d&rsquo;une formation qui entame un nouveau cycle apr\u00e8s <a href=\"https:\/\/sports.orange.fr\/cyclisme\/article\/groupama-fdj-madiot-cede-la-main-a-cornec-en-tant-que-manager-general-CNT000002mhfag.html\" target=\"_blank\" rel=\"noopener\">le d\u00e9part de son patron Marc Madiot<\/a> : \u00ab\u00a0(&#8230;) C&rsquo;est la premi\u00e8re grosse partie de notre ann\u00e9e, on fait les fondations. C&rsquo;est aussi l&rsquo;occasion de rencontrer les nouveaux, que ce soit le staff ou les coureurs, \u00e9changer, parler avec tout le monde. C&rsquo;est un peu le seul regroupement o\u00f9 on est tous ensemble, donc on en profite dans une ambiance d\u00e9contract\u00e9e.\u00a0\u00bb En 2025, Valentin Madouas n&rsquo;a r\u00e9ussi qu&rsquo;un total de deux Top 10. Trop peu pour bien figurer au niveau du classement UCI.<\/p>\n<p>Madouas : \u00ab\u00a0L&rsquo;objectif num\u00e9ro un pour moi sera de lever les bras\u00a0\u00bb<\/p>\n<p>Surtout, il s&rsquo;agit de la pire saison du vice-champion olympique en titre depuis qu&rsquo;il est professionnel : \u00ab\u00a0C&rsquo;est une saison compliqu\u00e9e au niveau des r\u00e9sultats, pourtant niveau jambes je me sentais plut\u00f4t bien. (&#8230;) Pour moi, c&rsquo;est une mauvaise saison en terme de r\u00e9sultats mais c&rsquo;est une bonne saison en terme d&rsquo;apprentissage et je suis persuad\u00e9 que \u00e7a va me servir pour les ann\u00e9es qui viennent. On a bien analys\u00e9 avec l&rsquo;\u00e9quipe, pourquoi il n&rsquo;y a pas eu les r\u00e9sultats au bon moment, je pense que tout le monde s&rsquo;est remis en question et on a trouv\u00e9 un bel axe de travail pour les prochaines ann\u00e9es.\u00a0\u00bb<\/p>\n<p>Le Tricolore compte bel et bien rebondir en 2026 : \u00ab\u00a0L&rsquo;objectif num\u00e9ro un pour moi sera de lever les bras, sur n&rsquo;importe quelle course parce que toutes les courses du calendrier sont importantes et les points UCI vont aussi \u00eatre durs \u00e0 aller chercher. C&rsquo;est vraiment important pour lancer la dynamique de l&rsquo;\u00e9quipe, d&rsquo;aller chercher ces points et d&rsquo;\u00eatre en confiance rapidement. Apr\u00e8s, mon r\u00eave c&rsquo;est de lever les bras en WorldTour, sur une classique belge.\u00a0\u00bb<\/p>\n","protected":false},"excerpt":{"rendered":"Marie Mah\u00e9, Media365 : publi\u00e9 le samedi 20 d\u00e9cembre 2025 \u00e0 12h00 Aupr\u00e8s de Cyclism&rsquo;actu, Valentin Madouas s&rsquo;est&hellip;\n","protected":false},"author":2,"featured_media":611787,"comment_status":"","ping_status":"","sticky":false,"template":"","format":"standard","meta":{"footnotes":""},"categories":[1411],"tags":[1154,207,1011,27,60],"class_list":{"0":"post-611786","1":"post","2":"type-post","3":"status-publish","4":"format-standard","5":"has-post-thumbnail","7":"category-cyclisme","8":"tag-cycling","9":"tag-cyclisme","10":"tag-fr","11":"tag-france","12":"tag-sports"},"share_on_mastodon":{"url":"https:\/\/pubeurope.com\/@fr\/115752134556829800","error":""},"_links":{"self":[{"href":"https:\/\/www.europesays.com\/fr\/wp-json\/wp\/v2\/posts\/611786","targetHints":{"allow":["GET"]}}],"collection":[{"href":"https:\/\/www.europesays.com\/fr\/wp-json\/wp\/v2\/posts"}],"about":[{"href":"https:\/\/www.europesays.com\/fr\/wp-json\/wp\/v2\/types\/post"}],"author":[{"embeddable":true,"href":"https:\/\/www.europesays.com\/fr\/wp-json\/wp\/v2\/users\/2"}],"replies":[{"embeddable":true,"href":"https:\/\/www.europesays.com\/fr\/wp-json\/wp\/v2\/comments?post=611786"}],"version-history":[{"count":0,"href":"https:\/\/www.europesays.com\/fr\/wp-json\/wp\/v2\/posts\/611786\/revisions"}],"wp:featuredmedia":[{"embeddable":true,"href":"https:\/\/www.europesays.com\/fr\/wp-json\/wp\/v2\/media\/611787"}],"wp:attachment":[{"href":"https:\/\/www.europesays.com\/fr\/wp-json\/wp\/v2\/media?parent=611786"}],"wp:term":[{"taxonomy":"category","embeddable":true,"href":"https:\/\/www.europesays.com\/fr\/wp-json\/wp\/v2\/categories?post=611786"},{"taxonomy":"post_tag","embeddable":true,"href":"https:\/\/www.europesays.com\/fr\/wp-json\/wp\/v2\/tags?post=611786"}],"curies":[{"name":"wp","href":"https:\/\/api.w.org\/{rel}","templated":true}]}}