{"id":611789,"date":"2025-12-20T13:30:22","date_gmt":"2025-12-20T13:30:22","guid":{"rendered":"https:\/\/www.europesays.com\/fr\/611789\/"},"modified":"2025-12-20T13:30:22","modified_gmt":"2025-12-20T13:30:22","slug":"lincroyable-transformation-ded-sheeran-qui-met-le-feu-a-internet","status":"publish","type":"post","link":"https:\/\/www.europesays.com\/fr\/611789\/","title":{"rendered":"l\u2019incroyable transformation d\u2019Ed Sheeran qui met le feu \u00e0 Internet"},"content":{"rendered":"<p>                             Par L.M.<\/p>\n<p>                Le 20 d\u00e9cembre 2025 \u00e0 11h30<\/p>\n<p>                                    <img decoding=\"async\" src=\"https:\/\/www.europesays.com\/fr\/wp-content\/uploads\/2025\/12\/e875bbd2909087bca4d8a06baa18f23ebdc4b3f709607259b3e8474f523464f4.jpg\" alt=\"23 kilos en moins en trois mois\u00a0: l'incroyable transformation d'Orlando Bloom pour son r\u00f4le dans The Cut\" class=\"a11y-hidden\" fetchpriority=\"high\"\/><\/p>\n<p>\n    Dans les colonnes du num\u00e9ro de janvier 2026 de Men\u2019s Health, le chanteur britannique, aujourd\u2019hui p\u00e8re de famille, appara\u00eet dans une version inattendue de lui-m\u00eame.<\/p>\n<p class=\"fig-paragraph\">\u00abCompl\u00e8tement dingue\u00bb, \u00abinattendu\u00bb, \u00abvalid\u00e9\u00bb\u2026 Les commentaires d\u00e9filent sous la publication de Men\u2019s Health depuis le vendredi 19 d\u00e9cembre. Pour sa nouvelle une, le magazine a consacr\u00e9 Ed\u00a0<a href=\"http:\/\/madame.lefigaro.fr\/beaute\/biceps-ultra-muscles-abdos-saillants-et-tatouages-l-incroyable-transformation-d-ed-sheeran-qui-met-le-feu-a-internet-20251220\" data-fig-type=\"Article\" data-gtm-custom-categorie=\"navigation\" data-gtm-custom-action=\"crossclick\" data-gtm-custom-label=\"Contextuel\" data-gtm-event=\"customEventSPE\" data-fig-domain=\"MADAME\" target=\"_blank\" rel=\"noopener\">Sheeran<\/a>, chanteur britannique de 34 ans. Longtemps associ\u00e9 \u00e0 ses ballades romantiques \u00e0 la guitare et \u00e0 une silhouette plut\u00f4t ordinaire, l\u2019artiste d\u00e9voile aujourd\u2019hui une\u00a0<a href=\"http:\/\/madame.lefigaro.fr\/celebrites\/actu-people\/je-me-suis-simplement-repris-en-main-christopher-schwarzenegger-revele-sa-spectaculaire-metamorphose-physique-20251030\" data-fig-type=\"Article\" data-gtm-custom-categorie=\"navigation\" data-gtm-custom-action=\"crossclick\" data-gtm-custom-label=\"Contextuel\" data-gtm-event=\"customEventSPE\" data-fig-domain=\"MADAME\" target=\"_blank\" rel=\"noopener\">m\u00e9tamorphose spectaculaire<\/a>\u00a0: abdos saillants, biceps imposants et tatouages color\u00e9s couvrant le torse et les bras, fa\u00e7on yakuza.<\/p>\n<p class=\"fig-paragraph\"><a href=\"http:\/\/madame.lefigaro.fr\/celebrites\/actu-people\/je-me-suis-simplement-repris-en-main-christopher-schwarzenegger-revele-sa-spectaculaire-metamorphose-physique-20251030\" data-fig-type=\"Article\" data-gtm-custom-categorie=\"navigation\" data-gtm-custom-action=\"crossclick\" data-gtm-custom-label=\"Contextuel\" data-gtm-event=\"customEventSPE\" data-fig-domain=\"MADAME\" target=\"_blank\" rel=\"noopener\">\u00abJe me suis simplement repris en main\u00bb\u00a0: Christopher Schwarzenegger r\u00e9v\u00e8le sa spectaculaire m\u00e9tamorphose physique<\/a><\/p>\n<p>                                                                <a class=\"fig-a11y-skip\" href=\"#fig-a11y-skip-main-inarticle\" data-module=\"a11y-skip\" data-context=\"was @visible\"><br \/>\n    Passer la publicit\u00e9<br \/>\n<\/a>            <\/p>\n<p class=\"fig-paragraph\">\u00abLe fitness est devenu quelque chose qui a vraiment enrichi ma vie\u00bb, explique-t-il pour justifier sa nouvelle apparence. Devenu un sportif assidu, Ed Sheeran temp\u00e8re pourtant\u00a0: \u00abAu fond, je suis plut\u00f4t du genre \u00e0 manger des pizzas, \u00e0 boire de la bi\u00e8re et \u00e0 fumer, mais ce n\u2019est pas ma r\u00e9alit\u00e9 en tant que parent trentenaire. Je pense qu\u2019il faut faire les bons choix.\u00bb Apr\u00e8s une p\u00e9riode relativement s\u00e9dentaire, le chanteur dit avoir appris \u00e0 se discipliner pour se sentir mieux dans sa peau\u00a0: \u00abJe n\u2019avais jamais couru plus d\u2019un kilom\u00e8tre et j\u2019ai fait mon premier 10 km pendant la Covid. Des choses comme \u00e7a, se pr\u00e9parer progressivement, \u00e7a fait du bien.\u00bb<\/p>\n<p class=\"fig-paragraph\">En 2019, Ed Sheeran avait d\u00e9cid\u00e9 de faire une pause dans sa carri\u00e8re afin de se consacrer \u00e0 sa vie priv\u00e9e. Apr\u00e8s s\u2019\u00eatre mari\u00e9 avec Cherry Seaborn, il est devenu p\u00e8re d\u2019une petite fille. En 2020, le chanteur a fait son retour sur la sc\u00e8ne m\u00e9diatique.<\/p>\n","protected":false},"excerpt":{"rendered":"Par L.M. Le 20 d\u00e9cembre 2025 \u00e0 11h30 Dans les colonnes du num\u00e9ro de janvier 2026 de Men\u2019s&hellip;\n","protected":false},"author":2,"featured_media":611790,"comment_status":"","ping_status":"","sticky":false,"template":"","format":"standard","meta":{"footnotes":""},"categories":[1359],"tags":[6725,58,59,1011,27,14259,973,517],"class_list":{"0":"post-611789","1":"post","2":"type-post","3":"status-publish","4":"format-standard","5":"has-post-thumbnail","7":"category-people","8":"tag-corps","9":"tag-divertissement","10":"tag-entertainment","11":"tag-fr","12":"tag-france","13":"tag-musculation","14":"tag-people","15":"tag-sport"},"share_on_mastodon":{"url":"https:\/\/pubeurope.com\/@fr\/115752143419731144","error":""},"_links":{"self":[{"href":"https:\/\/www.europesays.com\/fr\/wp-json\/wp\/v2\/posts\/611789","targetHints":{"allow":["GET"]}}],"collection":[{"href":"https:\/\/www.europesays.com\/fr\/wp-json\/wp\/v2\/posts"}],"about":[{"href":"https:\/\/www.europesays.com\/fr\/wp-json\/wp\/v2\/types\/post"}],"author":[{"embeddable":true,"href":"https:\/\/www.europesays.com\/fr\/wp-json\/wp\/v2\/users\/2"}],"replies":[{"embeddable":true,"href":"https:\/\/www.europesays.com\/fr\/wp-json\/wp\/v2\/comments?post=611789"}],"version-history":[{"count":0,"href":"https:\/\/www.europesays.com\/fr\/wp-json\/wp\/v2\/posts\/611789\/revisions"}],"wp:featuredmedia":[{"embeddable":true,"href":"https:\/\/www.europesays.com\/fr\/wp-json\/wp\/v2\/media\/611790"}],"wp:attachment":[{"href":"https:\/\/www.europesays.com\/fr\/wp-json\/wp\/v2\/media?parent=611789"}],"wp:term":[{"taxonomy":"category","embeddable":true,"href":"https:\/\/www.europesays.com\/fr\/wp-json\/wp\/v2\/categories?post=611789"},{"taxonomy":"post_tag","embeddable":true,"href":"https:\/\/www.europesays.com\/fr\/wp-json\/wp\/v2\/tags?post=611789"}],"curies":[{"name":"wp","href":"https:\/\/api.w.org\/{rel}","templated":true}]}}